{"id":1976,"date":"2016-09-02T14:40:53","date_gmt":"2016-09-02T12:40:53","guid":{"rendered":"http:\/\/www.viverezen.it\/giornale-bio\/?p=1976"},"modified":"2020-07-08T17:44:31","modified_gmt":"2020-07-08T15:44:31","slug":"insonnia-estiva","status":"publish","type":"post","link":"https:\/\/www.viverezen.it\/giornale-bio\/insonnia-estiva\/","title":{"rendered":"Insonnia estiva: i consigli per dormire bene"},"content":{"rendered":"\n<p>E&#8217; notte fonda ma ancora avete gli occhi sbarrati e vi girate da una parte e dall&#8217;altra del letto senza riuscire a prendere sonno. Anche le care vecchie pecorelle continuano a saltare e ne avete contate talmente tante che vi sembra perfino di sudare di pi\u00f9. Certo che \u00e8 proprio difficile lasciarsi andare tra le braccia di Morfeo quando la colonnina di mercurio raggiunge vette inesplorate! Eppure, in barba all&#8217;umidit\u00e0 e all&#8217;afa, \u00e8 sufficiente seguire qualche dritta e potrete ritornare a un riposo sano e sereno. Ecco la &#8220;<strong>Top Five dei migliori rimedi naturali contro l&#8217;insonnia&#8221;<\/strong>.<\/p>\n\n\n\n<figure class=\"wp-block-image size-large is-resized\"><img decoding=\"async\" loading=\"lazy\" src=\"https:\/\/www.viverezen.it\/giornale-bio\/wp-content\/uploads\/2016\/09\/dormire-estate.jpg\" alt=\"\" class=\"wp-image-1978\" width=\"638\" height=\"425\" srcset=\"https:\/\/www.viverezen.it\/giornale-bio\/wp-content\/uploads\/2016\/09\/dormire-estate.jpg 725w, https:\/\/www.viverezen.it\/giornale-bio\/wp-content\/uploads\/2016\/09\/dormire-estate-300x200.jpg 300w, https:\/\/www.viverezen.it\/giornale-bio\/wp-content\/uploads\/2016\/09\/dormire-estate-600x400.jpg 600w\" sizes=\"(max-width: 638px) 100vw, 638px\" \/><\/figure>\n\n\n\n<h2 class=\"wp-block-heading\"><strong>1. Dormite vestiti&nbsp;<\/strong><\/h2>\n\n\n\n<p>La prima cosa che si fa quando c&#8217;\u00e8 molto caldo \u00e8 di togliersi i vestiti per andare a dormire. Gli esperti della&nbsp;<strong>National Sleep Foundation<\/strong>&nbsp;americana sostengono, infatti, che indossando indumenti leggeri (meglio se di cotone) il sudore&nbsp;accumulato durante le ore notturne non resta incollato alla pelle.<\/p>\n\n\n\n<h2 class=\"wp-block-heading\"><strong>2. Bevete tanta acqua<\/strong><\/h2>\n\n\n\n<p>Uno dei metodi migliori per controllare l&#8217;afa estiva \u00e8 di bere almeno un litro e mezzo di acqua al d\u00ec perch\u00e9, quando il corpo \u00e8 correttamente idratato, resiste meglio al caldo. Evitate, invece, gli alcolici che contribuiscono a innalzare la temperatura corporea.<\/p>\n\n\n\n<h2 class=\"wp-block-heading\"><strong>3. Preferite un materasso sottile<\/strong><\/h2>\n\n\n\n<p>La qualit\u00e0 del sonno dipende sopratutto dalla scelta del materasso, che d&#8217;estate dovrebbe essere basso e sottile poich\u00e9&nbsp;\u201cl\u2019aria calda tende a salire\u201d. Quindi, se ancora non ci avete pensato, procuratevi un futon. Questo tipico letto tradizionale giapponese va appoggiato direttamente sul pavimento e vi permetter\u00e0 di riposare comodi e al fresco.<\/p>\n\n\n\n<div class=\"wp-block-media-text has-background has-very-light-gray-background-color is-image-fill\" style=\"grid-template-columns:47% auto\"><figure class=\"wp-block-media-text__media\" style=\"background-image:url(https:\/\/www.viverezen.it\/giornale-bio\/wp-content\/uploads\/2020\/06\/futon-pouf-viverezen-1024x820.png);background-position:50% 50%\"><a href=\"https:\/\/www.viverezen.it\/futon-pouff-letto-769.phtm\"><img decoding=\"async\" loading=\"lazy\" width=\"1024\" height=\"820\" src=\"https:\/\/www.viverezen.it\/giornale-bio\/wp-content\/uploads\/2020\/06\/futon-pouf-viverezen-1024x820.png\" alt=\"\" class=\"wp-image-4214\" srcset=\"https:\/\/www.viverezen.it\/giornale-bio\/wp-content\/uploads\/2020\/06\/futon-pouf-viverezen-1024x820.png 1024w, https:\/\/www.viverezen.it\/giornale-bio\/wp-content\/uploads\/2020\/06\/futon-pouf-viverezen-300x240.png 300w, https:\/\/www.viverezen.it\/giornale-bio\/wp-content\/uploads\/2020\/06\/futon-pouf-viverezen-768x615.png 768w, https:\/\/www.viverezen.it\/giornale-bio\/wp-content\/uploads\/2020\/06\/futon-pouf-viverezen.png 1038w\" sizes=\"(max-width: 1024px) 100vw, 1024px\" \/><\/a><\/figure><div class=\"wp-block-media-text__content\">\n<p class=\"has-normal-font-size\">Alto solo 11 cm e facile da piegare grazie alle cuciture, il <strong><a href=\"https:\/\/www.viverezen.it\/futon-pouff-letto-769.phtm\">futon pouff<\/a><\/strong> \u00e8 un ottimo letto estivo d&#8217;emergenza.<\/p>\n<\/div><\/div>\n\n\n\n<div style=\"height:29px\" aria-hidden=\"true\" class=\"wp-block-spacer\"><\/div>\n\n\n\n<h2 class=\"wp-block-heading\"><strong>4. Fate una bella doccia fredda prima di andare a letto<\/strong><\/h2>\n\n\n\n<p>Anche se molti non riescono a rinunciare alla doccia calda neanche d&#8217;estate, quest\u2019abitudine \u00e8 una delle pi\u00f9 dannose quando la calura prende il sopravvento.&nbsp;La doccia calda, infatti, contribuisce a innalzare la sensazione di umidit\u00e0 e rende impossibile il sonno. L&#8217;acqua fredda, invece, abbassa velocemente il calore corporeo, lava via il sudore e vi aiuter\u00e0 a trascorrere notti pi\u00f9 tranquille.<\/p>\n\n\n\n<h2 class=\"wp-block-heading\"><strong>5. &nbsp;Non abbuffatevi<\/strong><\/h2>\n\n\n\n<p>Prima di andare a letto, evitate di mangiare pesante e preferite alimenti ricchi di fibre,vitamine e sali minerali.&nbsp;Pi\u00f9 facile \u00e8 la digestione, pi\u00f9 il vostro corpo eviter\u00e0 di lavorare durante la notte lasciandovi svegli!<\/p>\n\n\n\n<figure class=\"wp-block-image size-large is-resized\"><img decoding=\"async\" loading=\"lazy\" src=\"https:\/\/www.viverezen.it\/giornale-bio\/wp-content\/uploads\/2016\/09\/cibi-insonnia-1070x669-1024x640.jpg\" alt=\"\" class=\"wp-image-1979\" width=\"640\" height=\"400\" srcset=\"https:\/\/www.viverezen.it\/giornale-bio\/wp-content\/uploads\/2016\/09\/cibi-insonnia-1070x669-1024x640.jpg 1024w, https:\/\/www.viverezen.it\/giornale-bio\/wp-content\/uploads\/2016\/09\/cibi-insonnia-1070x669-300x188.jpg 300w, https:\/\/www.viverezen.it\/giornale-bio\/wp-content\/uploads\/2016\/09\/cibi-insonnia-1070x669-768x480.jpg 768w, https:\/\/www.viverezen.it\/giornale-bio\/wp-content\/uploads\/2016\/09\/cibi-insonnia-1070x669-600x375.jpg 600w, https:\/\/www.viverezen.it\/giornale-bio\/wp-content\/uploads\/2016\/09\/cibi-insonnia-1070x669.jpg 1070w\" sizes=\"(max-width: 640px) 100vw, 640px\" \/><\/figure>\n","protected":false},"excerpt":{"rendered":"<p>E&#8217; notte fonda ma ancora avete gli occhi sbarrati e vi girate da una parte e dall&#8217;altra del letto senza riuscire a prendere sonno. Anche le care vecchie pecorelle continuano a saltare e ne avete contate talmente tante che vi sembra perfino di sudare di pi\u00f9. Certo che \u00e8 proprio difficile lasciarsi andare tra le [&hellip;]<\/p>\n","protected":false},"author":3,"featured_media":1977,"comment_status":"closed","ping_status":"closed","sticky":false,"template":"","format":"standard","meta":[],"categories":[6],"tags":[44,18],"yoast_head":"<!-- This site is optimized with the Yoast SEO plugin v21.8.1 - https:\/\/yoast.com\/wordpress\/plugins\/seo\/ -->\r\n<title>Insonnia estiva: i consigli per dormire bene - Vivere Zen<\/title>\r\n<meta name=\"robots\" content=\"index, follow, max-snippet:-1, max-image-preview:large, max-video-preview:-1\" \/>\r\n<link rel=\"canonical\" href=\"https:\/\/www.viverezen.it\/giornale-bio\/insonnia-estiva\/\" \/>\r\n<meta property=\"og:locale\" content=\"it_IT\" \/>\r\n<meta property=\"og:type\" content=\"article\" \/>\r\n<meta property=\"og:title\" content=\"Insonnia estiva: i consigli per dormire bene - Vivere Zen\" \/>\r\n<meta property=\"og:description\" content=\"E&#8217; notte fonda ma ancora avete gli occhi sbarrati e vi girate da una parte e dall&#8217;altra del letto senza riuscire a prendere sonno. Anche le care vecchie pecorelle continuano a saltare e ne avete contate talmente tante che vi sembra perfino di sudare di pi\u00f9. Certo che \u00e8 proprio difficile lasciarsi andare tra le [&hellip;]\" \/>\r\n<meta property=\"og:url\" content=\"https:\/\/www.viverezen.it\/giornale-bio\/insonnia-estiva\/\" \/>\r\n<meta property=\"og:site_name\" content=\"Vivere Zen\" \/>\r\n<meta property=\"article:author\" content=\"https:\/\/www.facebook.com\/VivereZen\/\" \/>\r\n<meta property=\"article:published_time\" content=\"2016-09-02T12:40:53+00:00\" \/>\r\n<meta property=\"article:modified_time\" content=\"2020-07-08T15:44:31+00:00\" \/>\r\n<meta property=\"og:image\" content=\"https:\/\/www.viverezen.it\/giornale-bio\/wp-content\/uploads\/2016\/09\/Insonnia-estiva-ecco-come-combatterla_oggetto_editoriale_850x600.jpg\" \/>\r\n\t<meta property=\"og:image:width\" content=\"850\" \/>\r\n\t<meta property=\"og:image:height\" content=\"587\" \/>\r\n\t<meta property=\"og:image:type\" content=\"image\/jpeg\" \/>\r\n<meta name=\"author\" content=\"Redazione VivereZen\" \/>\r\n<meta name=\"twitter:card\" content=\"summary_large_image\" \/>\r\n<meta name=\"twitter:label1\" content=\"Scritto da\" \/>\n\t<meta name=\"twitter:data1\" content=\"Redazione VivereZen\" \/>\n\t<meta name=\"twitter:label2\" content=\"Tempo di lettura stimato\" \/>\n\t<meta name=\"twitter:data2\" content=\"2 minuti\" \/>\r\n<script type=\"application\/ld+json\" class=\"yoast-schema-graph\">{\"@context\":\"https:\/\/schema.org\",\"@graph\":[{\"@type\":\"WebPage\",\"@id\":\"https:\/\/www.viverezen.it\/giornale-bio\/insonnia-estiva\/\",\"url\":\"https:\/\/www.viverezen.it\/giornale-bio\/insonnia-estiva\/\",\"name\":\"Insonnia estiva: i consigli per dormire bene - Vivere Zen\",\"isPartOf\":{\"@id\":\"https:\/\/www.viverezen.it\/giornale-bio\/#website\"},\"datePublished\":\"2016-09-02T12:40:53+00:00\",\"dateModified\":\"2020-07-08T15:44:31+00:00\",\"author\":{\"@id\":\"https:\/\/www.viverezen.it\/giornale-bio\/#\/schema\/person\/9617eea4629b49ad5e59f806fe11d2e1\"},\"breadcrumb\":{\"@id\":\"https:\/\/www.viverezen.it\/giornale-bio\/insonnia-estiva\/#breadcrumb\"},\"inLanguage\":\"it-IT\",\"potentialAction\":[{\"@type\":\"ReadAction\",\"target\":[\"https:\/\/www.viverezen.it\/giornale-bio\/insonnia-estiva\/\"]}]},{\"@type\":\"BreadcrumbList\",\"@id\":\"https:\/\/www.viverezen.it\/giornale-bio\/insonnia-estiva\/#breadcrumb\",\"itemListElement\":[{\"@type\":\"ListItem\",\"position\":1,\"name\":\"Home\",\"item\":\"https:\/\/www.viverezen.it\/giornale-bio\/\"},{\"@type\":\"ListItem\",\"position\":2,\"name\":\"Insonnia estiva: i consigli per dormire bene\"}]},{\"@type\":\"WebSite\",\"@id\":\"https:\/\/www.viverezen.it\/giornale-bio\/#website\",\"url\":\"https:\/\/www.viverezen.it\/giornale-bio\/\",\"name\":\"Vivere Zen\",\"description\":\"Lo Zen e l&#039;arte di arredare\",\"potentialAction\":[{\"@type\":\"SearchAction\",\"target\":{\"@type\":\"EntryPoint\",\"urlTemplate\":\"https:\/\/www.viverezen.it\/giornale-bio\/?s={search_term_string}\"},\"query-input\":\"required name=search_term_string\"}],\"inLanguage\":\"it-IT\"},{\"@type\":\"Person\",\"@id\":\"https:\/\/www.viverezen.it\/giornale-bio\/#\/schema\/person\/9617eea4629b49ad5e59f806fe11d2e1\",\"name\":\"Redazione VivereZen\",\"image\":{\"@type\":\"ImageObject\",\"inLanguage\":\"it-IT\",\"@id\":\"https:\/\/www.viverezen.it\/giornale-bio\/#\/schema\/person\/image\/\",\"url\":\"https:\/\/www.viverezen.it\/giornale-bio\/wp-content\/uploads\/2020\/02\/vz-logo-tondo-150x150.jpg\",\"contentUrl\":\"https:\/\/www.viverezen.it\/giornale-bio\/wp-content\/uploads\/2020\/02\/vz-logo-tondo-150x150.jpg\",\"caption\":\"Redazione VivereZen\"},\"description\":\"Manifattura e qualit\u00e0 italiana in stile orientale. Bio Zen per noi significa rispetto dell'intero ciclo di produzione e consumo. Coltivazioni Bio o di provenienza controllata delle materie prime, rispetto del lavoro, economia Italiana, importazione da Circuiti Etici o Verificati, rispetto del risparmio del cliente, no materiali tossici durante la produzione, biodegradabilit\u00e0, tra le nostre linee guida. Vieni a trovarci su Viverezen.it!\",\"sameAs\":[\"http:\/\/www.viverezen.it\",\"https:\/\/www.facebook.com\/VivereZen\/\"],\"url\":\"https:\/\/www.viverezen.it\/giornale-bio\/author\/redazione-viverezen\/\"}]}<\/script>\r\n<!-- \/ Yoast SEO plugin. -->","yoast_head_json":{"title":"Insonnia estiva: i consigli per dormire bene - Vivere Zen","robots":{"index":"index","follow":"follow","max-snippet":"max-snippet:-1","max-image-preview":"max-image-preview:large","max-video-preview":"max-video-preview:-1"},"canonical":"https:\/\/www.viverezen.it\/giornale-bio\/insonnia-estiva\/","og_locale":"it_IT","og_type":"article","og_title":"Insonnia estiva: i consigli per dormire bene - Vivere Zen","og_description":"E&#8217; notte fonda ma ancora avete gli occhi sbarrati e vi girate da una parte e dall&#8217;altra del letto senza riuscire a prendere sonno. Anche le care vecchie pecorelle continuano a saltare e ne avete contate talmente tante che vi sembra perfino di sudare di pi\u00f9. Certo che \u00e8 proprio difficile lasciarsi andare tra le [&hellip;]","og_url":"https:\/\/www.viverezen.it\/giornale-bio\/insonnia-estiva\/","og_site_name":"Vivere Zen","article_author":"https:\/\/www.facebook.com\/VivereZen\/","article_published_time":"2016-09-02T12:40:53+00:00","article_modified_time":"2020-07-08T15:44:31+00:00","og_image":[{"width":850,"height":587,"url":"https:\/\/www.viverezen.it\/giornale-bio\/wp-content\/uploads\/2016\/09\/Insonnia-estiva-ecco-come-combatterla_oggetto_editoriale_850x600.jpg","type":"image\/jpeg"}],"author":"Redazione VivereZen","twitter_card":"summary_large_image","twitter_misc":{"Scritto da":"Redazione VivereZen","Tempo di lettura stimato":"2 minuti"},"schema":{"@context":"https:\/\/schema.org","@graph":[{"@type":"WebPage","@id":"https:\/\/www.viverezen.it\/giornale-bio\/insonnia-estiva\/","url":"https:\/\/www.viverezen.it\/giornale-bio\/insonnia-estiva\/","name":"Insonnia estiva: i consigli per dormire bene - Vivere Zen","isPartOf":{"@id":"https:\/\/www.viverezen.it\/giornale-bio\/#website"},"datePublished":"2016-09-02T12:40:53+00:00","dateModified":"2020-07-08T15:44:31+00:00","author":{"@id":"https:\/\/www.viverezen.it\/giornale-bio\/#\/schema\/person\/9617eea4629b49ad5e59f806fe11d2e1"},"breadcrumb":{"@id":"https:\/\/www.viverezen.it\/giornale-bio\/insonnia-estiva\/#breadcrumb"},"inLanguage":"it-IT","potentialAction":[{"@type":"ReadAction","target":["https:\/\/www.viverezen.it\/giornale-bio\/insonnia-estiva\/"]}]},{"@type":"BreadcrumbList","@id":"https:\/\/www.viverezen.it\/giornale-bio\/insonnia-estiva\/#breadcrumb","itemListElement":[{"@type":"ListItem","position":1,"name":"Home","item":"https:\/\/www.viverezen.it\/giornale-bio\/"},{"@type":"ListItem","position":2,"name":"Insonnia estiva: i consigli per dormire bene"}]},{"@type":"WebSite","@id":"https:\/\/www.viverezen.it\/giornale-bio\/#website","url":"https:\/\/www.viverezen.it\/giornale-bio\/","name":"Vivere Zen","description":"Lo Zen e l&#039;arte di arredare","potentialAction":[{"@type":"SearchAction","target":{"@type":"EntryPoint","urlTemplate":"https:\/\/www.viverezen.it\/giornale-bio\/?s={search_term_string}"},"query-input":"required name=search_term_string"}],"inLanguage":"it-IT"},{"@type":"Person","@id":"https:\/\/www.viverezen.it\/giornale-bio\/#\/schema\/person\/9617eea4629b49ad5e59f806fe11d2e1","name":"Redazione VivereZen","image":{"@type":"ImageObject","inLanguage":"it-IT","@id":"https:\/\/www.viverezen.it\/giornale-bio\/#\/schema\/person\/image\/","url":"https:\/\/www.viverezen.it\/giornale-bio\/wp-content\/uploads\/2020\/02\/vz-logo-tondo-150x150.jpg","contentUrl":"https:\/\/www.viverezen.it\/giornale-bio\/wp-content\/uploads\/2020\/02\/vz-logo-tondo-150x150.jpg","caption":"Redazione VivereZen"},"description":"Manifattura e qualit\u00e0 italiana in stile orientale. Bio Zen per noi significa rispetto dell'intero ciclo di produzione e consumo. Coltivazioni Bio o di provenienza controllata delle materie prime, rispetto del lavoro, economia Italiana, importazione da Circuiti Etici o Verificati, rispetto del risparmio del cliente, no materiali tossici durante la produzione, biodegradabilit\u00e0, tra le nostre linee guida. Vieni a trovarci su Viverezen.it!","sameAs":["http:\/\/www.viverezen.it","https:\/\/www.facebook.com\/VivereZen\/"],"url":"https:\/\/www.viverezen.it\/giornale-bio\/author\/redazione-viverezen\/"}]}},"_links":{"self":[{"href":"https:\/\/www.viverezen.it\/giornale-bio\/wp-json\/wp\/v2\/posts\/1976"}],"collection":[{"href":"https:\/\/www.viverezen.it\/giornale-bio\/wp-json\/wp\/v2\/posts"}],"about":[{"href":"https:\/\/www.viverezen.it\/giornale-bio\/wp-json\/wp\/v2\/types\/post"}],"author":[{"embeddable":true,"href":"https:\/\/www.viverezen.it\/giornale-bio\/wp-json\/wp\/v2\/users\/3"}],"replies":[{"embeddable":true,"href":"https:\/\/www.viverezen.it\/giornale-bio\/wp-json\/wp\/v2\/comments?post=1976"}],"version-history":[{"count":5,"href":"https:\/\/www.viverezen.it\/giornale-bio\/wp-json\/wp\/v2\/posts\/1976\/revisions"}],"predecessor-version":[{"id":4269,"href":"https:\/\/www.viverezen.it\/giornale-bio\/wp-json\/wp\/v2\/posts\/1976\/revisions\/4269"}],"wp:featuredmedia":[{"embeddable":true,"href":"https:\/\/www.viverezen.it\/giornale-bio\/wp-json\/wp\/v2\/media\/1977"}],"wp:attachment":[{"href":"https:\/\/www.viverezen.it\/giornale-bio\/wp-json\/wp\/v2\/media?parent=1976"}],"wp:term":[{"taxonomy":"category","embeddable":true,"href":"https:\/\/www.viverezen.it\/giornale-bio\/wp-json\/wp\/v2\/categories?post=1976"},{"taxonomy":"post_tag","embeddable":true,"href":"https:\/\/www.viverezen.it\/giornale-bio\/wp-json\/wp\/v2\/tags?post=1976"}],"curies":[{"name":"wp","href":"https:\/\/api.w.org\/{rel}","templated":true}]}}