{"id":2071,"date":"2016-10-13T13:26:04","date_gmt":"2016-10-13T11:26:04","guid":{"rendered":"http:\/\/www.viverezen.it\/giornale-bio\/?p=2071"},"modified":"2020-02-04T13:25:32","modified_gmt":"2020-02-04T12:25:32","slug":"giardino-zen-arredamento","status":"publish","type":"post","link":"https:\/\/www.viverezen.it\/giornale-bio\/giardino-zen-arredamento\/","title":{"rendered":"Il giardino Zen: tra arredamento e meditazione"},"content":{"rendered":"\n<div class=\"wp-block-image\"><figure class=\"alignleft\"><a href=\"http:\/\/www.viverezen.it\/giornale-bio\/wp-content\/uploads\/2016\/10\/zen-garden-design-milo-3oneseven.jpg\"><img decoding=\"async\" loading=\"lazy\" width=\"300\" height=\"169\" src=\"http:\/\/www.viverezen.it\/giornale-bio\/wp-content\/uploads\/2016\/10\/zen-garden-design-milo-3oneseven-300x169.jpg\" alt=\"il tipico giardino zen con la sabbia e i sassi\" class=\"wp-image-2075\" srcset=\"https:\/\/www.viverezen.it\/giornale-bio\/wp-content\/uploads\/2016\/10\/zen-garden-design-milo-3oneseven-300x169.jpg 300w, https:\/\/www.viverezen.it\/giornale-bio\/wp-content\/uploads\/2016\/10\/zen-garden-design-milo-3oneseven.jpg 630w\" sizes=\"(max-width: 300px) 100vw, 300px\" \/><\/a><\/figure><\/div>\n\n\n\n<p>Indubbiamente, quando pensiamo ad un giardino, ci viene in mente uno spazio verde con piante, fiori e magari qualche alberello. Tuttavia, esiste anche qualche tipo di giardino che prescinde da questi elementi come, ad esempio, il giardino zen.<\/p>\n\n\n\n<p>A differenza dei giardini tipici della tradizione occidentale, ai quali siamo abituati, il giardino zen si basa sul minimalismo ed \u00e8 ricco di forti cariche simboliche. E\u2019 composto da elementi quali: ghiaia, pietre, sabbia e il suo scopo \u00e8 quello di favorire la serenit\u00e0 e la meditazione. Ragion per cui, non \u00e8 insolito trovare, a ridosso di un giardino zen, i tipici cuscini <em>zafu<\/em> o <em>zabuton<\/em> che favoriscono la meditazione o altri elementi tipici dell\u2019arredamento zen come, ad esempio, sgabelli in legno o <em>futon<\/em>.<\/p>\n\n\n\n<p>Il colore verde \u00e8 comunque presente, nei giardini zen, simboleggia la natura ed e caratterizzato da elementi come muschio e <em>bonsai<\/em>.<\/p>\n\n\n\n<p>Le rocce poste all\u2019interno del giardino rappresentano punti di pace e la loro disposizione non \u00e8 mai casuale: ogni cosa ha il suo valore simbolico.<\/p>\n\n\n\n<p>La sabbia o le piccole pietre che ricoprono la superficie rappresentano il mare e le onde vengono disegnate con un rastrello.<\/p>\n\n\n\n<p>In base alle ondulazioni disegnate sulla superficie si riflettono distinti stati d\u2019animo: le linee rette si riferiscono a un mare calmo; le linee ondulate si riferiscono al mare agitato; i cerchi concentrici lasciano intendere che qualcosa \u00e8 caduta nell\u2019acqua. Questi stati, a loro volta, si ripercuotono in maniera differente sullo stato d\u2019animo di ogni persona.<\/p>\n\n\n\n<div class=\"wp-block-image\"><figure class=\"alignleft\"><a href=\"http:\/\/www.viverezen.it\/giornale-bio\/wp-content\/uploads\/2016\/10\/zen2.jpg\"><img decoding=\"async\" loading=\"lazy\" width=\"300\" height=\"223\" src=\"http:\/\/www.viverezen.it\/giornale-bio\/wp-content\/uploads\/2016\/10\/zen2-300x223.jpg\" alt=\"giardino zen\" class=\"wp-image-2076\" srcset=\"https:\/\/www.viverezen.it\/giornale-bio\/wp-content\/uploads\/2016\/10\/zen2-300x223.jpg 300w, https:\/\/www.viverezen.it\/giornale-bio\/wp-content\/uploads\/2016\/10\/zen2.jpg 468w\" sizes=\"(max-width: 300px) 100vw, 300px\" \/><\/a><\/figure><\/div>\n\n\n\n<p>Realizzare un giardino zen nella propria casa, oltre a dare un certo stile, pu\u00f2 essere terapeutico e, per la sua realizzazione, non \u00e8 fondamentale disporre di uno spazio esterno: pu\u00f2 anche essere realizzato in una scatola o in una cornice di legno disposta sul pavimento del soggiorno o della camera da letto.<\/p>\n","protected":false},"excerpt":{"rendered":"<p>Indubbiamente, quando pensiamo ad un giardino, ci viene in mente uno spazio verde con piante, fiori e magari qualche alberello. Tuttavia, esiste anche qualche tipo di giardino che prescinde da questi elementi come, ad esempio, il giardino zen. A differenza dei giardini tipici della tradizione occidentale, ai quali siamo abituati, il giardino zen si basa [&hellip;]<\/p>\n","protected":false},"author":3,"featured_media":2073,"comment_status":"closed","ping_status":"closed","sticky":false,"template":"","format":"standard","meta":[],"categories":[4],"tags":[44,38],"yoast_head":"<!-- This site is optimized with the Yoast SEO plugin v21.8.1 - https:\/\/yoast.com\/wordpress\/plugins\/seo\/ -->\r\n<title>Il giardino Zen: tra arredamento e meditazione - Vivere Zen<\/title>\r\n<meta name=\"robots\" content=\"index, follow, max-snippet:-1, max-image-preview:large, max-video-preview:-1\" \/>\r\n<link rel=\"canonical\" href=\"https:\/\/www.viverezen.it\/giornale-bio\/giardino-zen-arredamento\/\" \/>\r\n<meta property=\"og:locale\" content=\"it_IT\" \/>\r\n<meta property=\"og:type\" content=\"article\" \/>\r\n<meta property=\"og:title\" content=\"Il giardino Zen: tra arredamento e meditazione - Vivere Zen\" \/>\r\n<meta property=\"og:description\" content=\"Indubbiamente, quando pensiamo ad un giardino, ci viene in mente uno spazio verde con piante, fiori e magari qualche alberello. Tuttavia, esiste anche qualche tipo di giardino che prescinde da questi elementi come, ad esempio, il giardino zen. A differenza dei giardini tipici della tradizione occidentale, ai quali siamo abituati, il giardino zen si basa [&hellip;]\" \/>\r\n<meta property=\"og:url\" content=\"https:\/\/www.viverezen.it\/giornale-bio\/giardino-zen-arredamento\/\" \/>\r\n<meta property=\"og:site_name\" content=\"Vivere Zen\" \/>\r\n<meta property=\"article:author\" content=\"https:\/\/www.facebook.com\/VivereZen\/\" \/>\r\n<meta property=\"article:published_time\" content=\"2016-10-13T11:26:04+00:00\" \/>\r\n<meta property=\"article:modified_time\" content=\"2020-02-04T12:25:32+00:00\" \/>\r\n<meta property=\"og:image\" content=\"https:\/\/www.viverezen.it\/giornale-bio\/wp-content\/uploads\/2016\/10\/Japanese-Zen-Garden.jpg\" \/>\r\n\t<meta property=\"og:image:width\" content=\"1600\" \/>\r\n\t<meta property=\"og:image:height\" content=\"1200\" \/>\r\n\t<meta property=\"og:image:type\" content=\"image\/jpeg\" \/>\r\n<meta name=\"author\" content=\"Redazione VivereZen\" \/>\r\n<meta name=\"twitter:card\" content=\"summary_large_image\" \/>\r\n<meta name=\"twitter:label1\" content=\"Scritto da\" \/>\n\t<meta name=\"twitter:data1\" content=\"Redazione VivereZen\" \/>\n\t<meta name=\"twitter:label2\" content=\"Tempo di lettura stimato\" \/>\n\t<meta name=\"twitter:data2\" content=\"2 minuti\" \/>\r\n<script type=\"application\/ld+json\" class=\"yoast-schema-graph\">{\"@context\":\"https:\/\/schema.org\",\"@graph\":[{\"@type\":\"WebPage\",\"@id\":\"https:\/\/www.viverezen.it\/giornale-bio\/giardino-zen-arredamento\/\",\"url\":\"https:\/\/www.viverezen.it\/giornale-bio\/giardino-zen-arredamento\/\",\"name\":\"Il giardino Zen: tra arredamento e meditazione - Vivere Zen\",\"isPartOf\":{\"@id\":\"https:\/\/www.viverezen.it\/giornale-bio\/#website\"},\"datePublished\":\"2016-10-13T11:26:04+00:00\",\"dateModified\":\"2020-02-04T12:25:32+00:00\",\"author\":{\"@id\":\"https:\/\/www.viverezen.it\/giornale-bio\/#\/schema\/person\/9617eea4629b49ad5e59f806fe11d2e1\"},\"breadcrumb\":{\"@id\":\"https:\/\/www.viverezen.it\/giornale-bio\/giardino-zen-arredamento\/#breadcrumb\"},\"inLanguage\":\"it-IT\",\"potentialAction\":[{\"@type\":\"ReadAction\",\"target\":[\"https:\/\/www.viverezen.it\/giornale-bio\/giardino-zen-arredamento\/\"]}]},{\"@type\":\"BreadcrumbList\",\"@id\":\"https:\/\/www.viverezen.it\/giornale-bio\/giardino-zen-arredamento\/#breadcrumb\",\"itemListElement\":[{\"@type\":\"ListItem\",\"position\":1,\"name\":\"Home\",\"item\":\"https:\/\/www.viverezen.it\/giornale-bio\/\"},{\"@type\":\"ListItem\",\"position\":2,\"name\":\"Il giardino Zen: tra arredamento e meditazione\"}]},{\"@type\":\"WebSite\",\"@id\":\"https:\/\/www.viverezen.it\/giornale-bio\/#website\",\"url\":\"https:\/\/www.viverezen.it\/giornale-bio\/\",\"name\":\"Vivere Zen\",\"description\":\"Lo Zen e l&#039;arte di arredare\",\"potentialAction\":[{\"@type\":\"SearchAction\",\"target\":{\"@type\":\"EntryPoint\",\"urlTemplate\":\"https:\/\/www.viverezen.it\/giornale-bio\/?s={search_term_string}\"},\"query-input\":\"required name=search_term_string\"}],\"inLanguage\":\"it-IT\"},{\"@type\":\"Person\",\"@id\":\"https:\/\/www.viverezen.it\/giornale-bio\/#\/schema\/person\/9617eea4629b49ad5e59f806fe11d2e1\",\"name\":\"Redazione VivereZen\",\"image\":{\"@type\":\"ImageObject\",\"inLanguage\":\"it-IT\",\"@id\":\"https:\/\/www.viverezen.it\/giornale-bio\/#\/schema\/person\/image\/\",\"url\":\"https:\/\/www.viverezen.it\/giornale-bio\/wp-content\/uploads\/2020\/02\/vz-logo-tondo-150x150.jpg\",\"contentUrl\":\"https:\/\/www.viverezen.it\/giornale-bio\/wp-content\/uploads\/2020\/02\/vz-logo-tondo-150x150.jpg\",\"caption\":\"Redazione VivereZen\"},\"description\":\"Manifattura e qualit\u00e0 italiana in stile orientale. Bio Zen per noi significa rispetto dell'intero ciclo di produzione e consumo. Coltivazioni Bio o di provenienza controllata delle materie prime, rispetto del lavoro, economia Italiana, importazione da Circuiti Etici o Verificati, rispetto del risparmio del cliente, no materiali tossici durante la produzione, biodegradabilit\u00e0, tra le nostre linee guida. Vieni a trovarci su Viverezen.it!\",\"sameAs\":[\"http:\/\/www.viverezen.it\",\"https:\/\/www.facebook.com\/VivereZen\/\"],\"url\":\"https:\/\/www.viverezen.it\/giornale-bio\/author\/redazione-viverezen\/\"}]}<\/script>\r\n<!-- \/ Yoast SEO plugin. -->","yoast_head_json":{"title":"Il giardino Zen: tra arredamento e meditazione - Vivere Zen","robots":{"index":"index","follow":"follow","max-snippet":"max-snippet:-1","max-image-preview":"max-image-preview:large","max-video-preview":"max-video-preview:-1"},"canonical":"https:\/\/www.viverezen.it\/giornale-bio\/giardino-zen-arredamento\/","og_locale":"it_IT","og_type":"article","og_title":"Il giardino Zen: tra arredamento e meditazione - Vivere Zen","og_description":"Indubbiamente, quando pensiamo ad un giardino, ci viene in mente uno spazio verde con piante, fiori e magari qualche alberello. Tuttavia, esiste anche qualche tipo di giardino che prescinde da questi elementi come, ad esempio, il giardino zen. A differenza dei giardini tipici della tradizione occidentale, ai quali siamo abituati, il giardino zen si basa [&hellip;]","og_url":"https:\/\/www.viverezen.it\/giornale-bio\/giardino-zen-arredamento\/","og_site_name":"Vivere Zen","article_author":"https:\/\/www.facebook.com\/VivereZen\/","article_published_time":"2016-10-13T11:26:04+00:00","article_modified_time":"2020-02-04T12:25:32+00:00","og_image":[{"width":1600,"height":1200,"url":"https:\/\/www.viverezen.it\/giornale-bio\/wp-content\/uploads\/2016\/10\/Japanese-Zen-Garden.jpg","type":"image\/jpeg"}],"author":"Redazione VivereZen","twitter_card":"summary_large_image","twitter_misc":{"Scritto da":"Redazione VivereZen","Tempo di lettura stimato":"2 minuti"},"schema":{"@context":"https:\/\/schema.org","@graph":[{"@type":"WebPage","@id":"https:\/\/www.viverezen.it\/giornale-bio\/giardino-zen-arredamento\/","url":"https:\/\/www.viverezen.it\/giornale-bio\/giardino-zen-arredamento\/","name":"Il giardino Zen: tra arredamento e meditazione - Vivere Zen","isPartOf":{"@id":"https:\/\/www.viverezen.it\/giornale-bio\/#website"},"datePublished":"2016-10-13T11:26:04+00:00","dateModified":"2020-02-04T12:25:32+00:00","author":{"@id":"https:\/\/www.viverezen.it\/giornale-bio\/#\/schema\/person\/9617eea4629b49ad5e59f806fe11d2e1"},"breadcrumb":{"@id":"https:\/\/www.viverezen.it\/giornale-bio\/giardino-zen-arredamento\/#breadcrumb"},"inLanguage":"it-IT","potentialAction":[{"@type":"ReadAction","target":["https:\/\/www.viverezen.it\/giornale-bio\/giardino-zen-arredamento\/"]}]},{"@type":"BreadcrumbList","@id":"https:\/\/www.viverezen.it\/giornale-bio\/giardino-zen-arredamento\/#breadcrumb","itemListElement":[{"@type":"ListItem","position":1,"name":"Home","item":"https:\/\/www.viverezen.it\/giornale-bio\/"},{"@type":"ListItem","position":2,"name":"Il giardino Zen: tra arredamento e meditazione"}]},{"@type":"WebSite","@id":"https:\/\/www.viverezen.it\/giornale-bio\/#website","url":"https:\/\/www.viverezen.it\/giornale-bio\/","name":"Vivere Zen","description":"Lo Zen e l&#039;arte di arredare","potentialAction":[{"@type":"SearchAction","target":{"@type":"EntryPoint","urlTemplate":"https:\/\/www.viverezen.it\/giornale-bio\/?s={search_term_string}"},"query-input":"required name=search_term_string"}],"inLanguage":"it-IT"},{"@type":"Person","@id":"https:\/\/www.viverezen.it\/giornale-bio\/#\/schema\/person\/9617eea4629b49ad5e59f806fe11d2e1","name":"Redazione VivereZen","image":{"@type":"ImageObject","inLanguage":"it-IT","@id":"https:\/\/www.viverezen.it\/giornale-bio\/#\/schema\/person\/image\/","url":"https:\/\/www.viverezen.it\/giornale-bio\/wp-content\/uploads\/2020\/02\/vz-logo-tondo-150x150.jpg","contentUrl":"https:\/\/www.viverezen.it\/giornale-bio\/wp-content\/uploads\/2020\/02\/vz-logo-tondo-150x150.jpg","caption":"Redazione VivereZen"},"description":"Manifattura e qualit\u00e0 italiana in stile orientale. Bio Zen per noi significa rispetto dell'intero ciclo di produzione e consumo. Coltivazioni Bio o di provenienza controllata delle materie prime, rispetto del lavoro, economia Italiana, importazione da Circuiti Etici o Verificati, rispetto del risparmio del cliente, no materiali tossici durante la produzione, biodegradabilit\u00e0, tra le nostre linee guida. Vieni a trovarci su Viverezen.it!","sameAs":["http:\/\/www.viverezen.it","https:\/\/www.facebook.com\/VivereZen\/"],"url":"https:\/\/www.viverezen.it\/giornale-bio\/author\/redazione-viverezen\/"}]}},"_links":{"self":[{"href":"https:\/\/www.viverezen.it\/giornale-bio\/wp-json\/wp\/v2\/posts\/2071"}],"collection":[{"href":"https:\/\/www.viverezen.it\/giornale-bio\/wp-json\/wp\/v2\/posts"}],"about":[{"href":"https:\/\/www.viverezen.it\/giornale-bio\/wp-json\/wp\/v2\/types\/post"}],"author":[{"embeddable":true,"href":"https:\/\/www.viverezen.it\/giornale-bio\/wp-json\/wp\/v2\/users\/3"}],"replies":[{"embeddable":true,"href":"https:\/\/www.viverezen.it\/giornale-bio\/wp-json\/wp\/v2\/comments?post=2071"}],"version-history":[{"count":5,"href":"https:\/\/www.viverezen.it\/giornale-bio\/wp-json\/wp\/v2\/posts\/2071\/revisions"}],"predecessor-version":[{"id":3961,"href":"https:\/\/www.viverezen.it\/giornale-bio\/wp-json\/wp\/v2\/posts\/2071\/revisions\/3961"}],"wp:featuredmedia":[{"embeddable":true,"href":"https:\/\/www.viverezen.it\/giornale-bio\/wp-json\/wp\/v2\/media\/2073"}],"wp:attachment":[{"href":"https:\/\/www.viverezen.it\/giornale-bio\/wp-json\/wp\/v2\/media?parent=2071"}],"wp:term":[{"taxonomy":"category","embeddable":true,"href":"https:\/\/www.viverezen.it\/giornale-bio\/wp-json\/wp\/v2\/categories?post=2071"},{"taxonomy":"post_tag","embeddable":true,"href":"https:\/\/www.viverezen.it\/giornale-bio\/wp-json\/wp\/v2\/tags?post=2071"}],"curies":[{"name":"wp","href":"https:\/\/api.w.org\/{rel}","templated":true}]}}