{"id":2725,"date":"2017-09-29T09:00:34","date_gmt":"2017-09-29T07:00:34","guid":{"rendered":"http:\/\/www.viverezen.it\/giornale-bio\/?p=2725"},"modified":"2020-01-23T15:47:28","modified_gmt":"2020-01-23T14:47:28","slug":"futon-origini","status":"publish","type":"post","link":"https:\/\/www.viverezen.it\/giornale-bio\/futon-origini\/","title":{"rendered":"Il futon alle origini: perch\u00e9 i giapponesi dormono a terra?"},"content":{"rendered":"\n<div class=\"wp-block-image\"><figure class=\"alignleft\"><img decoding=\"async\" loading=\"lazy\" width=\"300\" height=\"200\" src=\"http:\/\/www.viverezen.it\/giornale-bio\/wp-content\/uploads\/2017\/09\/Storia-del-futon-300x200.jpg\" alt=\"Storia del futon\" class=\"wp-image-2704\" srcset=\"https:\/\/www.viverezen.it\/giornale-bio\/wp-content\/uploads\/2017\/09\/Storia-del-futon-300x200.jpg 300w, https:\/\/www.viverezen.it\/giornale-bio\/wp-content\/uploads\/2017\/09\/Storia-del-futon-768x513.jpg 768w, https:\/\/www.viverezen.it\/giornale-bio\/wp-content\/uploads\/2017\/09\/Storia-del-futon.jpg 1000w\" sizes=\"(max-width: 300px) 100vw, 300px\" \/><\/figure><\/div>\n\n\n\n<p>In giapponese futon indica un materasso piatto, imbottito con cotone e piume. Di solito i giapponesi usano i <strong>futon direttamente a terra o su un tatami<\/strong>. La mattina li piegano e li mettono via, per tirarli fuori solo all\u2019ora di dormire.<\/p>\n\n\n\n<p>Negli ultimi anni, il futon \u00e8 arrivato anche in Occidente, spopolando tra gli amanti della cultura orientale e non solo. Quindi anche noi occidentali ci stiamo adattando a dormire a terra, o quasi. Da dove parte tutto questo, per\u00f2? <strong>Perch\u00e9 i giapponesi dormono a terra?<\/strong><\/p>\n\n\n\n<h2 class=\"wp-block-heading\">In principio furono le stuoie<\/h2>\n\n\n\n<div class=\"wp-block-image\"><figure class=\"alignright\"><img decoding=\"async\" loading=\"lazy\" width=\"300\" height=\"200\" src=\"http:\/\/www.viverezen.it\/giornale-bio\/wp-content\/uploads\/2017\/09\/Stuoie-di-canapa-300x200.jpg\" alt=\"Primi tatami\" class=\"wp-image-2706\" srcset=\"https:\/\/www.viverezen.it\/giornale-bio\/wp-content\/uploads\/2017\/09\/Stuoie-di-canapa-300x200.jpg 300w, https:\/\/www.viverezen.it\/giornale-bio\/wp-content\/uploads\/2017\/09\/Stuoie-di-canapa.jpg 450w\" sizes=\"(max-width: 300px) 100vw, 300px\" \/><\/figure><\/div>\n\n\n\n<p>Nei tempi antichi, quando i giapponesi vivevano di caccia e agricoltura, dormivano su <strong>stuoie di canapa intrecciata<\/strong>. Erano dure e di sicuro spartane, ma in linea con uno stile di vita altrettanto duro e spartano.<br>L\u2019abitudine sopravvisse per migliaia di anni: nel periodo Nara (710-794 d.C.) i giapponesi usavano ancora stuoie di questo genere. Povero o ricco che tu fossi, cambiava poco: il tuo letto rimaneva comunque il pavimento, o al pi\u00f9 un letto in legno coperto da un po\u2019 di canapa.<\/p>\n\n\n\n<p>Gli amanti del lusso mettevano <strong>pi\u00f9 stuoie una sopra l\u2019altra<\/strong>, cos\u00ec da ottenere una superficie un poco pi\u00f9 morbida sulla quale dormire. Con il tempo, i nobili cominciarono ad appoggiarci sopra dei <strong>cuscini imbottiti<\/strong>: i <strong>primi futon<\/strong>.<\/p>\n\n\n\n<div style=\"height:20px\" aria-hidden=\"true\" class=\"wp-block-spacer\"><\/div>\n\n\n\n<h3 class=\"wp-block-heading\">Consigli per gli acquisti!<\/h3>\n\n\n\n<div class=\"wp-block-media-text has-background has-very-light-gray-background-color\" style=\"grid-template-columns:33% auto\"><figure class=\"wp-block-media-text__media\"><img decoding=\"async\" loading=\"lazy\" width=\"842\" height=\"551\" src=\"https:\/\/www.viverezen.it\/giornale-bio\/wp-content\/uploads\/2017\/09\/Copriletto-Kanji-01-1.jpg\" alt=\"kit tatami e futon\" class=\"wp-image-2775\" srcset=\"https:\/\/www.viverezen.it\/giornale-bio\/wp-content\/uploads\/2017\/09\/Copriletto-Kanji-01-1.jpg 842w, https:\/\/www.viverezen.it\/giornale-bio\/wp-content\/uploads\/2017\/09\/Copriletto-Kanji-01-1-300x196.jpg 300w, https:\/\/www.viverezen.it\/giornale-bio\/wp-content\/uploads\/2017\/09\/Copriletto-Kanji-01-1-768x503.jpg 768w\" sizes=\"(max-width: 842px) 100vw, 842px\" \/><\/figure><div class=\"wp-block-media-text__content\">\n<ul><li><a href=\"http:\/\/www.viverezen.it\/divano-letto-futon-kanto-double-771C8.phtm\">Divano Letto Futon &#8220;Kanto Double&#8221;<\/a><\/li><li><a href=\"http:\/\/www.viverezen.it\/kit-letto-3-tatami-futon-15cm-latex-matrimoniale-737.phtm\">Kit Letto 3 Tatami + Futon<\/a><\/li><li><a href=\"http:\/\/www.viverezen.it\/kit-letto-2-tatami-futon-da-11-a-15-cm-1195C14.phtm\">Kit Letto 2 Tatami + Futon<\/a><\/li><\/ul>\n\n\n\n<p><\/p>\n<\/div><\/div>\n\n\n\n<div style=\"height:20px\" aria-hidden=\"true\" class=\"wp-block-spacer\"><\/div>\n\n\n\n<h2 class=\"wp-block-heading\">La breve vita del baldacchino giapponese<\/h2>\n\n\n\n<div class=\"wp-block-image\"><figure class=\"alignleft\"><img decoding=\"async\" loading=\"lazy\" width=\"300\" height=\"200\" src=\"http:\/\/www.viverezen.it\/giornale-bio\/wp-content\/uploads\/2017\/09\/Letto-a-baldacchino-cinese-300x200.jpg\" alt=\"Letto a baldacchino cinese\" class=\"wp-image-2726\" srcset=\"https:\/\/www.viverezen.it\/giornale-bio\/wp-content\/uploads\/2017\/09\/Letto-a-baldacchino-cinese-300x200.jpg 300w, https:\/\/www.viverezen.it\/giornale-bio\/wp-content\/uploads\/2017\/09\/Letto-a-baldacchino-cinese.jpg 450w\" sizes=\"(max-width: 300px) 100vw, 300px\" \/><\/figure><\/div>\n\n\n\n<p>Nel periodo Heian (794-1185 d.C.) i giapponesi subirono l\u2019influenza cinese. Fu cos\u00ec che nelle camere da letto dei nobili apparvero i <strong>letti in legno a baldacchino<\/strong>. Erano <strong>ingombranti<\/strong> e coperti di sete sfarzose, che servivano anche a tenere lontani gli insetti. Avevano poco a che fare con il tipico minimalismo giapponese e infatti durarono molto poco.<\/p>\n\n\n\n<p>I giapponesi riservavano al sonno la <strong>stanza pi\u00f9 bella dalla casa<\/strong>. La decoravano con quadri colorati e usavano mobili di fattura squisita. Le camere da letto erano tanto belle che sarebbe stato un peccato usarle solo per dormire. Soprattutto tra i nobili, era abitudine <strong>accogliere gli ospiti nella camera da letto<\/strong>, che con il tempo divenne una sorta di salotto.<\/p>\n\n\n\n<p>Gli ingombranti letti a baldacchino poco poterono contro la praticit\u00e0 della cultura giapponese. Ben presto sparirono e lasciarono il posto ai vecchi cuscini ripiegabili.<\/p>\n\n\n\n<h2 class=\"wp-block-heading\">La praticit\u00e0 vince su tutto<\/h2>\n\n\n\n<div class=\"wp-block-image\"><figure class=\"alignright\"><img decoding=\"async\" loading=\"lazy\" width=\"300\" height=\"200\" src=\"http:\/\/www.viverezen.it\/giornale-bio\/wp-content\/uploads\/2017\/09\/Futon-attuali-300x200.jpg\" alt=\"Futon attuali\" class=\"wp-image-2705\" srcset=\"https:\/\/www.viverezen.it\/giornale-bio\/wp-content\/uploads\/2017\/09\/Futon-attuali-300x200.jpg 300w, https:\/\/www.viverezen.it\/giornale-bio\/wp-content\/uploads\/2017\/09\/Futon-attuali.jpg 450w\" sizes=\"(max-width: 300px) 100vw, 300px\" \/><\/figure><\/div>\n\n\n\n<p>Il<strong> futon<\/strong> \u00e8 sopravvissuto a migliaia di anni di storia grazie alla sua comodit\u00e0. \u00c8 <strong>confortevole<\/strong>, <strong>occupa poco spazio<\/strong> e la sua manutenzione \u00e8 facile. Ecco perch\u00e9 i giapponesi lo usano ancora oggi e perch\u00e9, nonostante una lunga tradizione di letti, stiamo cominciando a usarlo anche noi.<\/p>\n","protected":false},"excerpt":{"rendered":"<p>In giapponese futon indica un materasso piatto, imbottito con cotone e piume. Di solito i giapponesi usano i futon direttamente a terra o su un tatami. La mattina li piegano e li mettono via, per tirarli fuori solo all\u2019ora di dormire. Negli ultimi anni, il futon \u00e8 arrivato anche in Occidente, spopolando tra gli amanti [&hellip;]<\/p>\n","protected":false},"author":3,"featured_media":2704,"comment_status":"closed","ping_status":"closed","sticky":false,"template":"","format":"standard","meta":[],"categories":[4,2],"tags":[107,44],"yoast_head":"<!-- This site is optimized with the Yoast SEO plugin v21.8.1 - https:\/\/yoast.com\/wordpress\/plugins\/seo\/ -->\r\n<title>Il futon alle origini: perch\u00e9 i giapponesi dormono a terra? - Vivere Zen<\/title>\r\n<meta name=\"description\" content=\"Negli ultimi anni, il futon \u00e8 arrivato anche in Occidente, quindi anche noi occidentali ci stiamo adattando a dormire quasi a terra. Da dove inizia tutto?\" \/>\r\n<meta name=\"robots\" content=\"index, follow, max-snippet:-1, max-image-preview:large, max-video-preview:-1\" \/>\r\n<link rel=\"canonical\" href=\"https:\/\/www.viverezen.it\/giornale-bio\/futon-origini\/\" \/>\r\n<meta property=\"og:locale\" content=\"it_IT\" \/>\r\n<meta property=\"og:type\" content=\"article\" \/>\r\n<meta property=\"og:title\" content=\"Il futon alle origini: perch\u00e9 i giapponesi dormono a terra? - Vivere Zen\" \/>\r\n<meta property=\"og:description\" content=\"Negli ultimi anni, il futon \u00e8 arrivato anche in Occidente, quindi anche noi occidentali ci stiamo adattando a dormire quasi a terra. Da dove inizia tutto?\" \/>\r\n<meta property=\"og:url\" content=\"https:\/\/www.viverezen.it\/giornale-bio\/futon-origini\/\" \/>\r\n<meta property=\"og:site_name\" content=\"Vivere Zen\" \/>\r\n<meta property=\"article:author\" content=\"https:\/\/www.facebook.com\/VivereZen\/\" \/>\r\n<meta property=\"article:published_time\" content=\"2017-09-29T07:00:34+00:00\" \/>\r\n<meta property=\"article:modified_time\" content=\"2020-01-23T14:47:28+00:00\" \/>\r\n<meta property=\"og:image\" content=\"https:\/\/www.viverezen.it\/giornale-bio\/wp-content\/uploads\/2017\/09\/Storia-del-futon.jpg\" \/>\r\n\t<meta property=\"og:image:width\" content=\"1000\" \/>\r\n\t<meta property=\"og:image:height\" content=\"668\" \/>\r\n\t<meta property=\"og:image:type\" content=\"image\/jpeg\" \/>\r\n<meta name=\"author\" content=\"Redazione VivereZen\" \/>\r\n<meta name=\"twitter:card\" content=\"summary_large_image\" \/>\r\n<meta name=\"twitter:label1\" content=\"Scritto da\" \/>\n\t<meta name=\"twitter:data1\" content=\"Redazione VivereZen\" \/>\n\t<meta name=\"twitter:label2\" content=\"Tempo di lettura stimato\" \/>\n\t<meta name=\"twitter:data2\" content=\"2 minuti\" \/>\r\n<script type=\"application\/ld+json\" class=\"yoast-schema-graph\">{\"@context\":\"https:\/\/schema.org\",\"@graph\":[{\"@type\":\"WebPage\",\"@id\":\"https:\/\/www.viverezen.it\/giornale-bio\/futon-origini\/\",\"url\":\"https:\/\/www.viverezen.it\/giornale-bio\/futon-origini\/\",\"name\":\"Il futon alle origini: perch\u00e9 i giapponesi dormono a terra? - Vivere Zen\",\"isPartOf\":{\"@id\":\"https:\/\/www.viverezen.it\/giornale-bio\/#website\"},\"datePublished\":\"2017-09-29T07:00:34+00:00\",\"dateModified\":\"2020-01-23T14:47:28+00:00\",\"author\":{\"@id\":\"https:\/\/www.viverezen.it\/giornale-bio\/#\/schema\/person\/9617eea4629b49ad5e59f806fe11d2e1\"},\"description\":\"Negli ultimi anni, il futon \u00e8 arrivato anche in Occidente, quindi anche noi occidentali ci stiamo adattando a dormire quasi a terra. Da dove inizia tutto?\",\"breadcrumb\":{\"@id\":\"https:\/\/www.viverezen.it\/giornale-bio\/futon-origini\/#breadcrumb\"},\"inLanguage\":\"it-IT\",\"potentialAction\":[{\"@type\":\"ReadAction\",\"target\":[\"https:\/\/www.viverezen.it\/giornale-bio\/futon-origini\/\"]}]},{\"@type\":\"BreadcrumbList\",\"@id\":\"https:\/\/www.viverezen.it\/giornale-bio\/futon-origini\/#breadcrumb\",\"itemListElement\":[{\"@type\":\"ListItem\",\"position\":1,\"name\":\"Home\",\"item\":\"https:\/\/www.viverezen.it\/giornale-bio\/\"},{\"@type\":\"ListItem\",\"position\":2,\"name\":\"Il futon alle origini: perch\u00e9 i giapponesi dormono a terra?\"}]},{\"@type\":\"WebSite\",\"@id\":\"https:\/\/www.viverezen.it\/giornale-bio\/#website\",\"url\":\"https:\/\/www.viverezen.it\/giornale-bio\/\",\"name\":\"Vivere Zen\",\"description\":\"Lo Zen e l&#039;arte di arredare\",\"potentialAction\":[{\"@type\":\"SearchAction\",\"target\":{\"@type\":\"EntryPoint\",\"urlTemplate\":\"https:\/\/www.viverezen.it\/giornale-bio\/?s={search_term_string}\"},\"query-input\":\"required name=search_term_string\"}],\"inLanguage\":\"it-IT\"},{\"@type\":\"Person\",\"@id\":\"https:\/\/www.viverezen.it\/giornale-bio\/#\/schema\/person\/9617eea4629b49ad5e59f806fe11d2e1\",\"name\":\"Redazione VivereZen\",\"image\":{\"@type\":\"ImageObject\",\"inLanguage\":\"it-IT\",\"@id\":\"https:\/\/www.viverezen.it\/giornale-bio\/#\/schema\/person\/image\/\",\"url\":\"https:\/\/www.viverezen.it\/giornale-bio\/wp-content\/uploads\/2020\/02\/vz-logo-tondo-150x150.jpg\",\"contentUrl\":\"https:\/\/www.viverezen.it\/giornale-bio\/wp-content\/uploads\/2020\/02\/vz-logo-tondo-150x150.jpg\",\"caption\":\"Redazione VivereZen\"},\"description\":\"Manifattura e qualit\u00e0 italiana in stile orientale. Bio Zen per noi significa rispetto dell'intero ciclo di produzione e consumo. Coltivazioni Bio o di provenienza controllata delle materie prime, rispetto del lavoro, economia Italiana, importazione da Circuiti Etici o Verificati, rispetto del risparmio del cliente, no materiali tossici durante la produzione, biodegradabilit\u00e0, tra le nostre linee guida. Vieni a trovarci su Viverezen.it!\",\"sameAs\":[\"http:\/\/www.viverezen.it\",\"https:\/\/www.facebook.com\/VivereZen\/\"],\"url\":\"https:\/\/www.viverezen.it\/giornale-bio\/author\/redazione-viverezen\/\"}]}<\/script>\r\n<!-- \/ Yoast SEO plugin. -->","yoast_head_json":{"title":"Il futon alle origini: perch\u00e9 i giapponesi dormono a terra? - Vivere Zen","description":"Negli ultimi anni, il futon \u00e8 arrivato anche in Occidente, quindi anche noi occidentali ci stiamo adattando a dormire quasi a terra. Da dove inizia tutto?","robots":{"index":"index","follow":"follow","max-snippet":"max-snippet:-1","max-image-preview":"max-image-preview:large","max-video-preview":"max-video-preview:-1"},"canonical":"https:\/\/www.viverezen.it\/giornale-bio\/futon-origini\/","og_locale":"it_IT","og_type":"article","og_title":"Il futon alle origini: perch\u00e9 i giapponesi dormono a terra? - Vivere Zen","og_description":"Negli ultimi anni, il futon \u00e8 arrivato anche in Occidente, quindi anche noi occidentali ci stiamo adattando a dormire quasi a terra. Da dove inizia tutto?","og_url":"https:\/\/www.viverezen.it\/giornale-bio\/futon-origini\/","og_site_name":"Vivere Zen","article_author":"https:\/\/www.facebook.com\/VivereZen\/","article_published_time":"2017-09-29T07:00:34+00:00","article_modified_time":"2020-01-23T14:47:28+00:00","og_image":[{"width":1000,"height":668,"url":"https:\/\/www.viverezen.it\/giornale-bio\/wp-content\/uploads\/2017\/09\/Storia-del-futon.jpg","type":"image\/jpeg"}],"author":"Redazione VivereZen","twitter_card":"summary_large_image","twitter_misc":{"Scritto da":"Redazione VivereZen","Tempo di lettura stimato":"2 minuti"},"schema":{"@context":"https:\/\/schema.org","@graph":[{"@type":"WebPage","@id":"https:\/\/www.viverezen.it\/giornale-bio\/futon-origini\/","url":"https:\/\/www.viverezen.it\/giornale-bio\/futon-origini\/","name":"Il futon alle origini: perch\u00e9 i giapponesi dormono a terra? - Vivere Zen","isPartOf":{"@id":"https:\/\/www.viverezen.it\/giornale-bio\/#website"},"datePublished":"2017-09-29T07:00:34+00:00","dateModified":"2020-01-23T14:47:28+00:00","author":{"@id":"https:\/\/www.viverezen.it\/giornale-bio\/#\/schema\/person\/9617eea4629b49ad5e59f806fe11d2e1"},"description":"Negli ultimi anni, il futon \u00e8 arrivato anche in Occidente, quindi anche noi occidentali ci stiamo adattando a dormire quasi a terra. Da dove inizia tutto?","breadcrumb":{"@id":"https:\/\/www.viverezen.it\/giornale-bio\/futon-origini\/#breadcrumb"},"inLanguage":"it-IT","potentialAction":[{"@type":"ReadAction","target":["https:\/\/www.viverezen.it\/giornale-bio\/futon-origini\/"]}]},{"@type":"BreadcrumbList","@id":"https:\/\/www.viverezen.it\/giornale-bio\/futon-origini\/#breadcrumb","itemListElement":[{"@type":"ListItem","position":1,"name":"Home","item":"https:\/\/www.viverezen.it\/giornale-bio\/"},{"@type":"ListItem","position":2,"name":"Il futon alle origini: perch\u00e9 i giapponesi dormono a terra?"}]},{"@type":"WebSite","@id":"https:\/\/www.viverezen.it\/giornale-bio\/#website","url":"https:\/\/www.viverezen.it\/giornale-bio\/","name":"Vivere Zen","description":"Lo Zen e l&#039;arte di arredare","potentialAction":[{"@type":"SearchAction","target":{"@type":"EntryPoint","urlTemplate":"https:\/\/www.viverezen.it\/giornale-bio\/?s={search_term_string}"},"query-input":"required name=search_term_string"}],"inLanguage":"it-IT"},{"@type":"Person","@id":"https:\/\/www.viverezen.it\/giornale-bio\/#\/schema\/person\/9617eea4629b49ad5e59f806fe11d2e1","name":"Redazione VivereZen","image":{"@type":"ImageObject","inLanguage":"it-IT","@id":"https:\/\/www.viverezen.it\/giornale-bio\/#\/schema\/person\/image\/","url":"https:\/\/www.viverezen.it\/giornale-bio\/wp-content\/uploads\/2020\/02\/vz-logo-tondo-150x150.jpg","contentUrl":"https:\/\/www.viverezen.it\/giornale-bio\/wp-content\/uploads\/2020\/02\/vz-logo-tondo-150x150.jpg","caption":"Redazione VivereZen"},"description":"Manifattura e qualit\u00e0 italiana in stile orientale. Bio Zen per noi significa rispetto dell'intero ciclo di produzione e consumo. Coltivazioni Bio o di provenienza controllata delle materie prime, rispetto del lavoro, economia Italiana, importazione da Circuiti Etici o Verificati, rispetto del risparmio del cliente, no materiali tossici durante la produzione, biodegradabilit\u00e0, tra le nostre linee guida. Vieni a trovarci su Viverezen.it!","sameAs":["http:\/\/www.viverezen.it","https:\/\/www.facebook.com\/VivereZen\/"],"url":"https:\/\/www.viverezen.it\/giornale-bio\/author\/redazione-viverezen\/"}]}},"_links":{"self":[{"href":"https:\/\/www.viverezen.it\/giornale-bio\/wp-json\/wp\/v2\/posts\/2725"}],"collection":[{"href":"https:\/\/www.viverezen.it\/giornale-bio\/wp-json\/wp\/v2\/posts"}],"about":[{"href":"https:\/\/www.viverezen.it\/giornale-bio\/wp-json\/wp\/v2\/types\/post"}],"author":[{"embeddable":true,"href":"https:\/\/www.viverezen.it\/giornale-bio\/wp-json\/wp\/v2\/users\/3"}],"replies":[{"embeddable":true,"href":"https:\/\/www.viverezen.it\/giornale-bio\/wp-json\/wp\/v2\/comments?post=2725"}],"version-history":[{"count":17,"href":"https:\/\/www.viverezen.it\/giornale-bio\/wp-json\/wp\/v2\/posts\/2725\/revisions"}],"predecessor-version":[{"id":3922,"href":"https:\/\/www.viverezen.it\/giornale-bio\/wp-json\/wp\/v2\/posts\/2725\/revisions\/3922"}],"wp:featuredmedia":[{"embeddable":true,"href":"https:\/\/www.viverezen.it\/giornale-bio\/wp-json\/wp\/v2\/media\/2704"}],"wp:attachment":[{"href":"https:\/\/www.viverezen.it\/giornale-bio\/wp-json\/wp\/v2\/media?parent=2725"}],"wp:term":[{"taxonomy":"category","embeddable":true,"href":"https:\/\/www.viverezen.it\/giornale-bio\/wp-json\/wp\/v2\/categories?post=2725"},{"taxonomy":"post_tag","embeddable":true,"href":"https:\/\/www.viverezen.it\/giornale-bio\/wp-json\/wp\/v2\/tags?post=2725"}],"curies":[{"name":"wp","href":"https:\/\/api.w.org\/{rel}","templated":true}]}}