{"id":275,"date":"2015-08-18T16:58:29","date_gmt":"2015-08-18T14:58:29","guid":{"rendered":"http:\/\/www.viverezen.it\/blog\/?p=275"},"modified":"2020-01-02T15:40:25","modified_gmt":"2020-01-02T14:40:25","slug":"larte-dellikebana","status":"publish","type":"post","link":"https:\/\/www.viverezen.it\/giornale-bio\/larte-dellikebana\/","title":{"rendered":"L&#8217;arte dell&#8217;Ikebana"},"content":{"rendered":"\n<p>Ikebana viene da &#8220;IKE&#8221; che significa &#8221;comporre&#8221; e &#8221;fare vivere&#8221; e &#8220;BANA&#8221; che significa &#8221; i fiori&#8221;. Pertanto letteralmente IKEBANA significa &#8221; comporre i fiori e farli vivere&#8221; cio\u00e9 &#8221; far vivere i fiori&#8221; e rappresenta la bellezza percepita dai legami uomo e natura. L&#8217;origine dell&#8217;IKEBANA \u00e9 da ricercarsi nella tradizione shintoista, votata ai sempreverde. Si credeva che Dio scendesse sui rami di sempreverde sottoforma di camelia. A seguito dell&#8217;arrivo della corrente Buddista in Giappone, che dedicava i loti ed i crisantemi a Budda ed ai defunti, queste due tradizioni si sono unite. Cos\u00ec \u00e9 nato l&#8217;IKEBANA, ma c&#8217;\u00e9 chi dice che la storia non pu\u00f2 essere vera. In seguito, nel corso dell&#8217;11\u00b0secolo, i nobili imitarono quella che sino ad allora era stata una pratica dei monaci, svincolando la tradizione dalla religione e cos\u00ec l&#8217;Ikebana \u00e9 divenuta l&#8217;arte destinata agli interni delle abitazioni dei cittadini. Divenne sempre pi\u00f9 popolare soprattutto negli ambienti della classe aristocratica e dei samurai. Per raggiungere uno stato di pace dei sensi e di concentrazione prima di iniziare una battaglia, il samurai eseguiva sia l\u2019ikebana che la cerimonia del te, per purificare cuore e mente. Prima del XVI\u00b0 secolo l\u2019ikebana era gi\u00e0 considerato una pratica Zen, e molti specialisti di ikebana sentivano l\u2019aspetto spirituale e zen come preponderante. Nell\u2019ikebana si trovava tranquilli\u00e0, e le composizioni aiutavano a \u201ccogliere l\u2019attimo\u201d ed apprezzare cose della natura che venivano in precedenza considerate insignificanti. Non solo si diventa pi\u00f9 pazienti e si tollerano le differenze nella natura, ma si porta questa attitudine pi\u00f9 in generale anche con le altre persone.<\/p>\n\n\n\n<figure class=\"wp-block-image\"><a href=\"http:\/\/www.viverezen.it\/giornale-bio\/wp-content\/uploads\/2015\/08\/3537566817_48f359cc51_b.jpg\"><img decoding=\"async\" loading=\"lazy\" width=\"300\" height=\"201\" src=\"http:\/\/www.viverezen.it\/giornale-bio\/wp-content\/uploads\/2015\/08\/3537566817_48f359cc51_b-300x201.jpg\" alt=\"3537566817_48f359cc51_b\" class=\"wp-image-2051\" srcset=\"https:\/\/www.viverezen.it\/giornale-bio\/wp-content\/uploads\/2015\/08\/3537566817_48f359cc51_b-300x200.jpg 300w, https:\/\/www.viverezen.it\/giornale-bio\/wp-content\/uploads\/2015\/08\/3537566817_48f359cc51_b-768x514.jpg 768w, https:\/\/www.viverezen.it\/giornale-bio\/wp-content\/uploads\/2015\/08\/3537566817_48f359cc51_b.jpg 1024w\" sizes=\"(max-width: 300px) 100vw, 300px\" \/><\/a><\/figure>\n\n\n\n<p>L\u2019aspetto effimero dell\u2019ikebana ci aiuta a non attaccarci alle creazioni materiali, ma ad amarle e rispettarle nel vero momento in cui esistono. Nata per&nbsp; far sentire il cambiamento delle stagioni dalle stanze delle case (essendo un&#8217;arte da interni), che dava il &#8220;tono&#8221; alla stanza, adesso vi sono due ruoli preponderanti: il primo riguarda l&#8217;insegnamento delle buone maniere alle donne (tendenza iniziata circa 200 anni fa, prima gli artefici erano tutti uomini), l&#8217;altro ruolo \u00e9 dato dall&#8217;essere un&#8217;arte che coinvolge la dimensione tridimensionale. Se in occidente si tende a enfatizzare la quantit\u00e0 dei fiori usati e il colore, spostando l\u2019attenzione soprattutto sulla bellezza dei boccioli, in Giappone invece si enfatizzano gli aspetti lineari della composizione. Qui si \u00e8 sviluppato l\u2019uso di includere vasi, foglie, steli e rami nella composizione insieme ai fiori. L\u2019intera struttura si basa su tre punti principali che simbolizzano il cielo, la terra e uomo. In questo simbolismo l\u2019essere umano \u00e8 concepito come l\u2019essere in una posizione intermedia tra cielo e terra. L\u2019elemento pi\u00f9 importante \u00e8 lo stelo che rappresenta il cielo, spesso viene chiamato \u201cprimario\u201d o Shin, rappresenta l\u2019asse di tutta la composizione e per questo motivo deve essere molto forte. Accanto al primario vi \u00e8 il \u201csecondario\u201d o Soe simbolo dell\u2019uomo, \u00e8 sistemato in modo da dare l\u2019impressione di spingere lateralmente e in avanti rispetto allo stelo principale, deve essere lungo circa 2\/3 rispetto al ramo principale e inclinarsi verso di esso. Lo stelo \u201cterziario\u201d o Hikae rappresenta la terra, \u00e8 il pi\u00f9 corto ed \u00e8 posto davanti alla base degli altri due o leggermente dal lato opposto. A differenza del mondo occidentale, in Giappone con l&#8217;ikebana si compongono i fiori creando spazi bianchi cio\u00e8 l&#8217;ikebana forma volutamente lo spazio usando i fiori. Lo spazio bianco significa il vuoto che per i giapponesi vuol dire l&#8217;aria. La simmetria, che \u00e8 tipica dei giardini occidentali, agli occhi della cultura giapponese dona&nbsp; armonia ma&nbsp; l&#8217;impressione della dinamicit\u00e0. L&#8217;asimmetria equilibrata che viene espressa dal giardino giapponese e dall&#8217;Ikebana&nbsp; rende viva la natura nella quiete. Se si crea asimmetricamente la vivacit\u00e0 si espande all&#8217;esterno, come se crescesse e si muovesse da sola. Vi sono vari stili di Ikebana: Rikka (lett. Fiori eretti),\u00e8 lo stile pi\u00f9 antico. Le composizioni sono&nbsp; di grandi dimensioni.<\/p>\n\n\n\n<figure class=\"wp-block-image\"><a href=\"http:\/\/www.viverezen.it\/giornale-bio\/wp-content\/uploads\/2015\/08\/ikebana-artecallejero.top-5.jpg\"><img decoding=\"async\" loading=\"lazy\" width=\"300\" height=\"200\" src=\"http:\/\/www.viverezen.it\/giornale-bio\/wp-content\/uploads\/2015\/08\/ikebana-artecallejero.top-5-300x200.jpg\" alt=\"ikebana-artecallejero-top-5\" class=\"wp-image-2049\" srcset=\"https:\/\/www.viverezen.it\/giornale-bio\/wp-content\/uploads\/2015\/08\/ikebana-artecallejero.top-5-300x200.jpg 300w, https:\/\/www.viverezen.it\/giornale-bio\/wp-content\/uploads\/2015\/08\/ikebana-artecallejero.top-5.jpg 600w\" sizes=\"(max-width: 300px) 100vw, 300px\" \/><\/a><\/figure>\n\n\n\n<p>Fin dal periodo Heian (794-1185 d.C.) fu ampliamente praticato dai monaci Buddisti nei loro templi e poi dai nobili che desideravano abbellire le loro dimore. Il Rikka non entr\u00f2 nelle comuni case giapponesi sia per le dimensioni che per la complessa realizzazione. Oggi \u00e8 poco praticato ma alcuni grandi Maestri ne presentano qualche esemplare in occasione di importanti mostre artistiche. Chabana (lett. Fiori per il T\u00e8), \u00e8 molto semplice, \u00e8 la composizione classica adatta per la cerimonia del T\u00e8 considerata in Giappone un vero e proprio rito. Influenzato dai concetti della Filosofia Zen, rifugge da qualsiasi struttura complessa e artificiosa ed \u00e8 normalmente realizzato con un solo fiore (spesso un bocciolo) e alcune foglie verdi. Nageire (o Heika lett. Gettar dentro), nel quale si usano vasi alti ed \u00e8 caratterizzato da un apparente spontaneit\u00e0, frutto in effetti di esperienza e studio. Il Nageire nacque nella seconda met\u00e0 del XVI\u00b0 sec. ad opera di Sen-no-rikyu noto Maestro della cerimonia del t\u00e8. Shoka (o seika) scritto con lo stesso ideogramma di Ikebana, ma letto in cinese. Significa dunque \u201cfiori viventi\u201d. E\u2019 una semplificazione del Rikka&nbsp; e si compone di tre elementi&nbsp; principali disposti a triangolo scaleno e di pochi altri elementi ausiliari.&nbsp; Tre elementi principali rappresentano il cielo, l\u2019uomo e la terra. Moribana (lett. Fiori ammassati), che sorse alla fine del XIX sec. nel periodo di crisi creatasi in Giappone sotto l\u2019influsso innovatore proveniente dall\u2019occidente, il Maestro Unshin Ohara,&nbsp; per valorizzare i nuovi fiori, molto vistosi e dalle pesanti corolle d\u2018importanza occidentale pens\u00f2 di disporli nelle caratteristiche ciotole basse e poco profonde. Jiyubana (lett. stile libero) nato dopo la fine della Prima Guerra Mondiale che vide nascere in Giappone una rivoluzione in tutte le arti. Anche l\u2019Ikebana risente di questa rapida evoluzione e sorge cos\u00ec lo stile libero, che permette la creazione di composizioni floreali originali e personali disposte in vasi pi\u00f9 moderni. La realizzazione di questo stile richiede per\u00f2 una vera maturit\u00e0 artistica, che si pu\u00f2 acquisire solo dopo aver praticato per lungo tempo gli stili tradizionale ed aver appreso le tecniche ad essi inerenti. lo stile d\u2019avanguardia, sorto in Giappone dopo la Seconda Guerra Mondiale pu\u00f2 essere collegato ai movimenti occidentali di rottura quali, l\u2019astrattismo e il surrealismo. E\u2019 uno stile anti-tradizionale in cui le composizioni sono simili, a volte, a vere proprie sculture. Utilizzano il materiale pi\u00f9 svariato, come grossi sassi, tronchi, lamiere, cartoni, catene, corde e fili metallici. Al giorno d\u2019oggi in Giappone ci sono molte scuole, ognuna con i suoi stili e diverse regole per la composizione. Le pi\u00f9 grandi opere nel campo hanno la tendenza ad essere create dai pi\u00f9 abili esperti ma, come per la pittura e la scultura, c\u2019\u00e8 spazio per i dilettanti: chiunque abbia tempo e propensione pu\u00f2 acquisire tecnica sufficiente a creare delle belle composizioni. Tuttavia, come nelle altre forme artistiche, e\u2019 necessario avere la padronanza di certe tecniche fondamentali prima di potersi cimentare nella creazione libera. Un famoso Maestro Zen ha detto: \u201cGli uomini si comportano come dei fari: illuminano lontano ma rimangono bui proprio ai loro piedi. Cercate, innanzitutto, di illuminare voi stessi\u201d. Per questo motivo \u00e8 nata la pratica dell\u2019 Ikebana Therapy, che e&#8217; un metodo efficace, che pu\u00f2 consentire a ciascuno di ritrovare un equilibrio interiore, per avanzare pi\u00f9 consapevolmente nel proprio originalissimo processo di sviluppo umano, una \u201cpausa di riflessione\u201d, una coltivazione interiore.<\/p>\n\n\n\n<p>Tratto da www.japancoolture.com<\/p>\n","protected":false},"excerpt":{"rendered":"<p>Ikebana viene da &#8220;IKE&#8221; che significa &#8221;comporre&#8221; e &#8221;fare vivere&#8221; e &#8220;BANA&#8221; che significa &#8221; i fiori&#8221;. Pertanto letteralmente IKEBANA significa &#8221; comporre i fiori e farli vivere&#8221; cio\u00e9 &#8221; far vivere i fiori&#8221; e rappresenta la bellezza percepita dai legami uomo e natura. L&#8217;origine dell&#8217;IKEBANA \u00e9 da ricercarsi nella tradizione shintoista, votata ai sempreverde. [&hellip;]<\/p>\n","protected":false},"author":3,"featured_media":2047,"comment_status":"closed","ping_status":"closed","sticky":false,"template":"","format":"standard","meta":[],"categories":[2],"tags":[10],"yoast_head":"<!-- This site is optimized with the Yoast SEO plugin v21.8.1 - https:\/\/yoast.com\/wordpress\/plugins\/seo\/ -->\r\n<title>L&#039;arte dell&#039;Ikebana - Vivere Zen<\/title>\r\n<meta name=\"robots\" content=\"index, follow, max-snippet:-1, max-image-preview:large, max-video-preview:-1\" \/>\r\n<link rel=\"canonical\" href=\"https:\/\/www.viverezen.it\/giornale-bio\/larte-dellikebana\/\" \/>\r\n<meta property=\"og:locale\" content=\"it_IT\" \/>\r\n<meta property=\"og:type\" content=\"article\" \/>\r\n<meta property=\"og:title\" content=\"L&#039;arte dell&#039;Ikebana - Vivere Zen\" \/>\r\n<meta property=\"og:description\" content=\"Ikebana viene da &#8220;IKE&#8221; che significa &#8221;comporre&#8221; e &#8221;fare vivere&#8221; e &#8220;BANA&#8221; che significa &#8221; i fiori&#8221;. Pertanto letteralmente IKEBANA significa &#8221; comporre i fiori e farli vivere&#8221; cio\u00e9 &#8221; far vivere i fiori&#8221; e rappresenta la bellezza percepita dai legami uomo e natura. L&#8217;origine dell&#8217;IKEBANA \u00e9 da ricercarsi nella tradizione shintoista, votata ai sempreverde. [&hellip;]\" \/>\r\n<meta property=\"og:url\" content=\"https:\/\/www.viverezen.it\/giornale-bio\/larte-dellikebana\/\" \/>\r\n<meta property=\"og:site_name\" content=\"Vivere Zen\" \/>\r\n<meta property=\"article:author\" content=\"https:\/\/www.facebook.com\/VivereZen\/\" \/>\r\n<meta property=\"article:published_time\" content=\"2015-08-18T14:58:29+00:00\" \/>\r\n<meta property=\"article:modified_time\" content=\"2020-01-02T14:40:25+00:00\" \/>\r\n<meta property=\"og:image\" content=\"https:\/\/www.viverezen.it\/giornale-bio\/wp-content\/uploads\/2015\/08\/0c219cadddaecf38a42721e506d3c0d9.jpg\" \/>\r\n\t<meta property=\"og:image:width\" content=\"1504\" \/>\r\n\t<meta property=\"og:image:height\" content=\"1129\" \/>\r\n\t<meta property=\"og:image:type\" content=\"image\/jpeg\" \/>\r\n<meta name=\"author\" content=\"Redazione VivereZen\" \/>\r\n<meta name=\"twitter:card\" content=\"summary_large_image\" \/>\r\n<meta name=\"twitter:label1\" content=\"Scritto da\" \/>\n\t<meta name=\"twitter:data1\" content=\"Redazione VivereZen\" \/>\n\t<meta name=\"twitter:label2\" content=\"Tempo di lettura stimato\" \/>\n\t<meta name=\"twitter:data2\" content=\"6 minuti\" \/>\r\n<script type=\"application\/ld+json\" class=\"yoast-schema-graph\">{\"@context\":\"https:\/\/schema.org\",\"@graph\":[{\"@type\":\"WebPage\",\"@id\":\"https:\/\/www.viverezen.it\/giornale-bio\/larte-dellikebana\/\",\"url\":\"https:\/\/www.viverezen.it\/giornale-bio\/larte-dellikebana\/\",\"name\":\"L'arte dell'Ikebana - Vivere Zen\",\"isPartOf\":{\"@id\":\"https:\/\/www.viverezen.it\/giornale-bio\/#website\"},\"datePublished\":\"2015-08-18T14:58:29+00:00\",\"dateModified\":\"2020-01-02T14:40:25+00:00\",\"author\":{\"@id\":\"https:\/\/www.viverezen.it\/giornale-bio\/#\/schema\/person\/9617eea4629b49ad5e59f806fe11d2e1\"},\"breadcrumb\":{\"@id\":\"https:\/\/www.viverezen.it\/giornale-bio\/larte-dellikebana\/#breadcrumb\"},\"inLanguage\":\"it-IT\",\"potentialAction\":[{\"@type\":\"ReadAction\",\"target\":[\"https:\/\/www.viverezen.it\/giornale-bio\/larte-dellikebana\/\"]}]},{\"@type\":\"BreadcrumbList\",\"@id\":\"https:\/\/www.viverezen.it\/giornale-bio\/larte-dellikebana\/#breadcrumb\",\"itemListElement\":[{\"@type\":\"ListItem\",\"position\":1,\"name\":\"Home\",\"item\":\"https:\/\/www.viverezen.it\/giornale-bio\/\"},{\"@type\":\"ListItem\",\"position\":2,\"name\":\"L&#8217;arte dell&#8217;Ikebana\"}]},{\"@type\":\"WebSite\",\"@id\":\"https:\/\/www.viverezen.it\/giornale-bio\/#website\",\"url\":\"https:\/\/www.viverezen.it\/giornale-bio\/\",\"name\":\"Vivere Zen\",\"description\":\"Lo Zen e l&#039;arte di arredare\",\"potentialAction\":[{\"@type\":\"SearchAction\",\"target\":{\"@type\":\"EntryPoint\",\"urlTemplate\":\"https:\/\/www.viverezen.it\/giornale-bio\/?s={search_term_string}\"},\"query-input\":\"required name=search_term_string\"}],\"inLanguage\":\"it-IT\"},{\"@type\":\"Person\",\"@id\":\"https:\/\/www.viverezen.it\/giornale-bio\/#\/schema\/person\/9617eea4629b49ad5e59f806fe11d2e1\",\"name\":\"Redazione VivereZen\",\"image\":{\"@type\":\"ImageObject\",\"inLanguage\":\"it-IT\",\"@id\":\"https:\/\/www.viverezen.it\/giornale-bio\/#\/schema\/person\/image\/\",\"url\":\"https:\/\/www.viverezen.it\/giornale-bio\/wp-content\/uploads\/2020\/02\/vz-logo-tondo-150x150.jpg\",\"contentUrl\":\"https:\/\/www.viverezen.it\/giornale-bio\/wp-content\/uploads\/2020\/02\/vz-logo-tondo-150x150.jpg\",\"caption\":\"Redazione VivereZen\"},\"description\":\"Manifattura e qualit\u00e0 italiana in stile orientale. Bio Zen per noi significa rispetto dell'intero ciclo di produzione e consumo. Coltivazioni Bio o di provenienza controllata delle materie prime, rispetto del lavoro, economia Italiana, importazione da Circuiti Etici o Verificati, rispetto del risparmio del cliente, no materiali tossici durante la produzione, biodegradabilit\u00e0, tra le nostre linee guida. Vieni a trovarci su Viverezen.it!\",\"sameAs\":[\"http:\/\/www.viverezen.it\",\"https:\/\/www.facebook.com\/VivereZen\/\"],\"url\":\"https:\/\/www.viverezen.it\/giornale-bio\/author\/redazione-viverezen\/\"}]}<\/script>\r\n<!-- \/ Yoast SEO plugin. -->","yoast_head_json":{"title":"L'arte dell'Ikebana - Vivere Zen","robots":{"index":"index","follow":"follow","max-snippet":"max-snippet:-1","max-image-preview":"max-image-preview:large","max-video-preview":"max-video-preview:-1"},"canonical":"https:\/\/www.viverezen.it\/giornale-bio\/larte-dellikebana\/","og_locale":"it_IT","og_type":"article","og_title":"L'arte dell'Ikebana - Vivere Zen","og_description":"Ikebana viene da &#8220;IKE&#8221; che significa &#8221;comporre&#8221; e &#8221;fare vivere&#8221; e &#8220;BANA&#8221; che significa &#8221; i fiori&#8221;. Pertanto letteralmente IKEBANA significa &#8221; comporre i fiori e farli vivere&#8221; cio\u00e9 &#8221; far vivere i fiori&#8221; e rappresenta la bellezza percepita dai legami uomo e natura. L&#8217;origine dell&#8217;IKEBANA \u00e9 da ricercarsi nella tradizione shintoista, votata ai sempreverde. [&hellip;]","og_url":"https:\/\/www.viverezen.it\/giornale-bio\/larte-dellikebana\/","og_site_name":"Vivere Zen","article_author":"https:\/\/www.facebook.com\/VivereZen\/","article_published_time":"2015-08-18T14:58:29+00:00","article_modified_time":"2020-01-02T14:40:25+00:00","og_image":[{"width":1504,"height":1129,"url":"https:\/\/www.viverezen.it\/giornale-bio\/wp-content\/uploads\/2015\/08\/0c219cadddaecf38a42721e506d3c0d9.jpg","type":"image\/jpeg"}],"author":"Redazione VivereZen","twitter_card":"summary_large_image","twitter_misc":{"Scritto da":"Redazione VivereZen","Tempo di lettura stimato":"6 minuti"},"schema":{"@context":"https:\/\/schema.org","@graph":[{"@type":"WebPage","@id":"https:\/\/www.viverezen.it\/giornale-bio\/larte-dellikebana\/","url":"https:\/\/www.viverezen.it\/giornale-bio\/larte-dellikebana\/","name":"L'arte dell'Ikebana - Vivere Zen","isPartOf":{"@id":"https:\/\/www.viverezen.it\/giornale-bio\/#website"},"datePublished":"2015-08-18T14:58:29+00:00","dateModified":"2020-01-02T14:40:25+00:00","author":{"@id":"https:\/\/www.viverezen.it\/giornale-bio\/#\/schema\/person\/9617eea4629b49ad5e59f806fe11d2e1"},"breadcrumb":{"@id":"https:\/\/www.viverezen.it\/giornale-bio\/larte-dellikebana\/#breadcrumb"},"inLanguage":"it-IT","potentialAction":[{"@type":"ReadAction","target":["https:\/\/www.viverezen.it\/giornale-bio\/larte-dellikebana\/"]}]},{"@type":"BreadcrumbList","@id":"https:\/\/www.viverezen.it\/giornale-bio\/larte-dellikebana\/#breadcrumb","itemListElement":[{"@type":"ListItem","position":1,"name":"Home","item":"https:\/\/www.viverezen.it\/giornale-bio\/"},{"@type":"ListItem","position":2,"name":"L&#8217;arte dell&#8217;Ikebana"}]},{"@type":"WebSite","@id":"https:\/\/www.viverezen.it\/giornale-bio\/#website","url":"https:\/\/www.viverezen.it\/giornale-bio\/","name":"Vivere Zen","description":"Lo Zen e l&#039;arte di arredare","potentialAction":[{"@type":"SearchAction","target":{"@type":"EntryPoint","urlTemplate":"https:\/\/www.viverezen.it\/giornale-bio\/?s={search_term_string}"},"query-input":"required name=search_term_string"}],"inLanguage":"it-IT"},{"@type":"Person","@id":"https:\/\/www.viverezen.it\/giornale-bio\/#\/schema\/person\/9617eea4629b49ad5e59f806fe11d2e1","name":"Redazione VivereZen","image":{"@type":"ImageObject","inLanguage":"it-IT","@id":"https:\/\/www.viverezen.it\/giornale-bio\/#\/schema\/person\/image\/","url":"https:\/\/www.viverezen.it\/giornale-bio\/wp-content\/uploads\/2020\/02\/vz-logo-tondo-150x150.jpg","contentUrl":"https:\/\/www.viverezen.it\/giornale-bio\/wp-content\/uploads\/2020\/02\/vz-logo-tondo-150x150.jpg","caption":"Redazione VivereZen"},"description":"Manifattura e qualit\u00e0 italiana in stile orientale. Bio Zen per noi significa rispetto dell'intero ciclo di produzione e consumo. Coltivazioni Bio o di provenienza controllata delle materie prime, rispetto del lavoro, economia Italiana, importazione da Circuiti Etici o Verificati, rispetto del risparmio del cliente, no materiali tossici durante la produzione, biodegradabilit\u00e0, tra le nostre linee guida. Vieni a trovarci su Viverezen.it!","sameAs":["http:\/\/www.viverezen.it","https:\/\/www.facebook.com\/VivereZen\/"],"url":"https:\/\/www.viverezen.it\/giornale-bio\/author\/redazione-viverezen\/"}]}},"_links":{"self":[{"href":"https:\/\/www.viverezen.it\/giornale-bio\/wp-json\/wp\/v2\/posts\/275"}],"collection":[{"href":"https:\/\/www.viverezen.it\/giornale-bio\/wp-json\/wp\/v2\/posts"}],"about":[{"href":"https:\/\/www.viverezen.it\/giornale-bio\/wp-json\/wp\/v2\/types\/post"}],"author":[{"embeddable":true,"href":"https:\/\/www.viverezen.it\/giornale-bio\/wp-json\/wp\/v2\/users\/3"}],"replies":[{"embeddable":true,"href":"https:\/\/www.viverezen.it\/giornale-bio\/wp-json\/wp\/v2\/comments?post=275"}],"version-history":[{"count":4,"href":"https:\/\/www.viverezen.it\/giornale-bio\/wp-json\/wp\/v2\/posts\/275\/revisions"}],"predecessor-version":[{"id":3891,"href":"https:\/\/www.viverezen.it\/giornale-bio\/wp-json\/wp\/v2\/posts\/275\/revisions\/3891"}],"wp:featuredmedia":[{"embeddable":true,"href":"https:\/\/www.viverezen.it\/giornale-bio\/wp-json\/wp\/v2\/media\/2047"}],"wp:attachment":[{"href":"https:\/\/www.viverezen.it\/giornale-bio\/wp-json\/wp\/v2\/media?parent=275"}],"wp:term":[{"taxonomy":"category","embeddable":true,"href":"https:\/\/www.viverezen.it\/giornale-bio\/wp-json\/wp\/v2\/categories?post=275"},{"taxonomy":"post_tag","embeddable":true,"href":"https:\/\/www.viverezen.it\/giornale-bio\/wp-json\/wp\/v2\/tags?post=275"}],"curies":[{"name":"wp","href":"https:\/\/api.w.org\/{rel}","templated":true}]}}