{"id":2985,"date":"2017-11-01T09:00:51","date_gmt":"2017-11-01T08:00:51","guid":{"rendered":"http:\/\/www.viverezen.it\/giornale-bio\/?p=2985"},"modified":"2020-03-20T14:50:07","modified_gmt":"2020-03-20T13:50:07","slug":"mansarda-arredamento-zen","status":"publish","type":"post","link":"https:\/\/www.viverezen.it\/giornale-bio\/mansarda-arredamento-zen\/","title":{"rendered":"Abiti in mansarda? Ecco l\u2019arredamento zen per te!"},"content":{"rendered":"\n<p>La mansarda \u00e8 un ambiente che ben si sposa con i principi dell\u2019 arredamento zen. \u00c8 uno <strong>spazio<\/strong> <strong>intimo<\/strong>, <strong>luminoso<\/strong>, lontano dai rumori della strada. L\u00e0 dove le travi portati sono a vista, aggiungono al tutto un tocco rustico ma elegante.<\/p>\n\n\n\n<p>Purtroppo, la mansarda \u00e8 anche un ambiente difficile da arredare. Gli <strong>spazi ridotti<\/strong> e i <strong>soffitti bassi<\/strong> rendono la vita difficile a chi opta per una sistemazione del genere. Con un po\u2019 di creativit\u00e0 e prodotti di alto livello, per\u00f2, nulla \u00e8 impossibile.<\/p>\n\n\n\n<h2 class=\"wp-block-heading\">I colori giusti<\/h2>\n\n\n\n<figure class=\"wp-block-image is-resized\"><a href=\"\/poltrona-futon-con-perfilo-nero-glove-90x200-cm-757C127.phtm\"><img decoding=\"async\" loading=\"lazy\" src=\"https:\/\/www.viverezen.it\/giornale-bio\/wp-content\/uploads\/2017\/10\/Poltrona-futon.jpg\" alt=\"Poltrona futon \" class=\"wp-image-2978\" width=\"649\" height=\"433\" srcset=\"https:\/\/www.viverezen.it\/giornale-bio\/wp-content\/uploads\/2017\/10\/Poltrona-futon.jpg 450w, https:\/\/www.viverezen.it\/giornale-bio\/wp-content\/uploads\/2017\/10\/Poltrona-futon-300x200.jpg 300w\" sizes=\"(max-width: 649px) 100vw, 649px\" \/><\/a><figcaption><a href=\"\/poltrona-futon-con-perfilo-nero-glove-90x200-cm-757C127.phtm\">Coppia di poltrone Glove, a colori invertiti, per un perfetto arredamento in stile zen!<\/a><\/figcaption><\/figure>\n\n\n\n<p>I colori tipici di un arredamento zen sono il bianco, il nero, il crema e tutte le sfumature di marrone. Colori che ritornano anche in una mansarda, specie se un po\u2019 piccola. Le <strong>pareti crema<\/strong>, infatti, danno l\u2019impressione di un <strong>ambiente pi\u00f9 spazioso<\/strong>.<\/p>\n\n\n\n<p>Quanto al marrone, \u00e8 frequente che ritorni nelle travi a vista e nei soffitti.<\/p>\n\n\n\n<h2 class=\"wp-block-heading\">Lavorare sulla profondit\u00e0<\/h2>\n\n\n\n<div class=\"wp-block-image\"><figure class=\"aligncenter size-large is-resized\"><img decoding=\"async\" loading=\"lazy\" src=\"https:\/\/www.viverezen.it\/giornale-bio\/wp-content\/uploads\/2020\/03\/Tavolino-e-Sedie-42-1024x684.jpg\" alt=\"\" class=\"wp-image-4072\" width=\"602\" height=\"401\" srcset=\"https:\/\/www.viverezen.it\/giornale-bio\/wp-content\/uploads\/2020\/03\/Tavolino-e-Sedie-42-1024x684.jpg 1024w, https:\/\/www.viverezen.it\/giornale-bio\/wp-content\/uploads\/2020\/03\/Tavolino-e-Sedie-42-300x200.jpg 300w, https:\/\/www.viverezen.it\/giornale-bio\/wp-content\/uploads\/2020\/03\/Tavolino-e-Sedie-42-768x513.jpg 768w, https:\/\/www.viverezen.it\/giornale-bio\/wp-content\/uploads\/2020\/03\/Tavolino-e-Sedie-42-1536x1025.jpg 1536w, https:\/\/www.viverezen.it\/giornale-bio\/wp-content\/uploads\/2020\/03\/Tavolino-e-Sedie-42-2048x1367.jpg 2048w\" sizes=\"(max-width: 602px) 100vw, 602px\" \/><figcaption> <strong>Tavolino giapponese con due sedioline.\u00a0<\/strong>Questo \u00e8 uno dei tanti prodotti\u00a0<strong>su misura<\/strong>\u00a0che \u00e8 possibile richiedere agli artigiani di Viverezen.it.<br>Ricrea l\u2019ambiente della foto acquistando gli\u00a0<a href=\"https:\/\/www.viverezen.it\/cuscino-zabuton-in-cotone-1214.phtm\">Zabuton in cotone<\/a>,\u00a0<a href=\"https:\/\/www.viverezen.it\/oggettistica-333.ghtm\">le bamboline Kokeshi e i ventagli<\/a>,\u00a0<a href=\"https:\/\/www.viverezen.it\/lampada-giapponese-in-legno-di-pino-90x25x25-cm-1472.phtm\">la lampada alta in legno e carta di riso<\/a>, e\u00a0<a href=\"https:\/\/www.viverezen.it\/tatami-14.ghtm\">i tatami<\/a> <\/figcaption><\/figure><\/div>\n\n\n\n<p>Il problema della mansarda \u00e8 uno: l\u2019altezza. \u00c8 quindi impossibile puntare su grandi armadi a muro e immense librerie che toccano il soffitto. In compenso, puoi scegliere un arredamento tutto basato sulla profondit\u00e0. Ci\u00f2 significa letti, poltrone, divani e <strong>arredi<\/strong> tutti molto <strong>bassi e semplici<\/strong>.<\/p>\n\n\n\n<p>La regola numero uno di un buon arredamento zen \u00e8 proprio <strong>evitare i mobili troppo ingombranti<\/strong>. Un principio che \u00e8 oro per chi sta decidendo come sistemare una mansarda. Letti in legno giapponesi senza testata e poltrone futon, ad esempio, sono ideali per sistemazioni del genere.<\/p>\n\n\n\n<p>I <strong>letti giapponesi<\/strong> ti permettono di dormire comodamente occupando a malapena 20 centimetri di altezza. Quanto alle <strong>poltrone futon<\/strong>, sono alte meno di un metro compresa tutta la testiera. Per la zona giorno, invece, sono disponibili i tipici <strong>tavolini giapponesi<\/strong> con seggioline e cuscini per sedersi a terra.<\/p>\n\n\n\n<h2 class=\"wp-block-heading\">Consigli per gli acquisti!<\/h2>\n\n\n\n<div class=\"wp-block-media-text has-background has-very-light-gray-background-color\" style=\"grid-template-columns:39% auto\"><figure class=\"wp-block-media-text__media\"><img decoding=\"async\" loading=\"lazy\" width=\"928\" height=\"574\" src=\"https:\/\/www.viverezen.it\/giornale-bio\/wp-content\/uploads\/2016\/03\/tatami-da-70-a-100x200cm-ribassati-e1525781594905.jpg\" alt=\"tatami\" class=\"wp-image-3648\" srcset=\"https:\/\/www.viverezen.it\/giornale-bio\/wp-content\/uploads\/2016\/03\/tatami-da-70-a-100x200cm-ribassati-e1525781594905.jpg 928w, https:\/\/www.viverezen.it\/giornale-bio\/wp-content\/uploads\/2016\/03\/tatami-da-70-a-100x200cm-ribassati-e1525781594905-300x186.jpg 300w, https:\/\/www.viverezen.it\/giornale-bio\/wp-content\/uploads\/2016\/03\/tatami-da-70-a-100x200cm-ribassati-e1525781594905-768x475.jpg 768w\" sizes=\"(max-width: 928px) 100vw, 928px\" \/><\/figure><div class=\"wp-block-media-text__content\">\n<p class=\"has-normal-font-size\"><a href=\"http:\/\/www.viverezen.it\/tatami-da-70-a-100x200cm-ribassati-alti-25-cm-919.phtm\"><strong>Tatami ribassati<\/strong>: pi\u00f9 leggeri e facili da trasportare su mansarde e soppalchi.<\/a><\/p>\n<\/div><\/div>\n\n\n\n<div style=\"height:20px\" aria-hidden=\"true\" class=\"wp-block-spacer\"><\/div>\n\n\n\n<div class=\"wp-block-media-text has-background has-very-light-gray-background-color\" style=\"grid-template-columns:39% auto\"><figure class=\"wp-block-media-text__media\"><img decoding=\"async\" loading=\"lazy\" width=\"1022\" height=\"767\" src=\"https:\/\/www.viverezen.it\/giornale-bio\/wp-content\/uploads\/2017\/11\/viverezen.jpg\" alt=\"divano letto formato da un futon, due cuscini e un tatami\" class=\"wp-image-2998\" srcset=\"https:\/\/www.viverezen.it\/giornale-bio\/wp-content\/uploads\/2017\/11\/viverezen.jpg 1022w, https:\/\/www.viverezen.it\/giornale-bio\/wp-content\/uploads\/2017\/11\/viverezen-300x225.jpg 300w, https:\/\/www.viverezen.it\/giornale-bio\/wp-content\/uploads\/2017\/11\/viverezen-768x576.jpg 768w\" sizes=\"(max-width: 1022px) 100vw, 1022px\" \/><\/figure><div class=\"wp-block-media-text__content\">\n<p class=\"has-normal-font-size\"><a href=\"http:\/\/www.viverezen.it\/futon-uramaki-14cm-cotone-lattice-e-cocco-775.phtm\"><strong>Il materasso standard \u00e8 troppo ingombrante?<\/strong> Scegliendo un futon si pu\u00f2 tranquillamente piegare in due.<\/a><\/p>\n<\/div><\/div>\n\n\n\n<div style=\"height:20px\" aria-hidden=\"true\" class=\"wp-block-spacer\"><\/div>\n\n\n\n<div class=\"wp-block-media-text has-background has-very-light-gray-background-color\" style=\"grid-template-columns:39% auto\"><figure class=\"wp-block-media-text__media\"><img decoding=\"async\" loading=\"lazy\" width=\"950\" height=\"560\" src=\"https:\/\/www.viverezen.it\/giornale-bio\/wp-content\/uploads\/2020\/03\/dock.jpg\" alt=\"\" class=\"wp-image-4070\" srcset=\"https:\/\/www.viverezen.it\/giornale-bio\/wp-content\/uploads\/2020\/03\/dock.jpg 950w, https:\/\/www.viverezen.it\/giornale-bio\/wp-content\/uploads\/2020\/03\/dock-300x177.jpg 300w, https:\/\/www.viverezen.it\/giornale-bio\/wp-content\/uploads\/2020\/03\/dock-768x453.jpg 768w\" sizes=\"(max-width: 950px) 100vw, 950px\" \/><\/figure><div class=\"wp-block-media-text__content\">\n<p class=\"has-normal-font-size\"><a href=\"http:\/\/www.viverezen.it\/letto-in-legno-dock-in-pino-scandinavo-659.phtm\"><strong>Il letto dock<\/strong> \u00e8 alto appena 11 cm e arriva completamente smontato<\/a><\/p>\n<\/div><\/div>\n\n\n\n<div style=\"height:49px\" aria-hidden=\"true\" class=\"wp-block-spacer\"><\/div>\n\n\n\n<h2 class=\"wp-block-heading\">La disposizione \u00e8 tutto<\/h2>\n\n\n\n<figure class=\"wp-block-image size-large is-resized\"><a href=\"https:\/\/www.viverezen.it\/letto-tatami-giapponese-artigianale-in-legno-massiccio-hako-1803C503.phtm\"><img decoding=\"async\" loading=\"lazy\" src=\"https:\/\/www.viverezen.it\/giornale-bio\/wp-content\/uploads\/2020\/03\/letto-tatami-giapponese-artigianale-in-legno-massiccio-hako.jpg\" alt=\"\" class=\"wp-image-4071\" width=\"624\" height=\"390\" srcset=\"https:\/\/www.viverezen.it\/giornale-bio\/wp-content\/uploads\/2020\/03\/letto-tatami-giapponese-artigianale-in-legno-massiccio-hako.jpg 938w, https:\/\/www.viverezen.it\/giornale-bio\/wp-content\/uploads\/2020\/03\/letto-tatami-giapponese-artigianale-in-legno-massiccio-hako-300x187.jpg 300w, https:\/\/www.viverezen.it\/giornale-bio\/wp-content\/uploads\/2020\/03\/letto-tatami-giapponese-artigianale-in-legno-massiccio-hako-768x480.jpg 768w\" sizes=\"(max-width: 624px) 100vw, 624px\" \/><\/a><figcaption><a href=\"https:\/\/www.viverezen.it\/letto-tatami-giapponese-artigianale-in-legno-massiccio-hako-1803C503.phtm\">Letto giapponese tatami Hako e comodino<\/a>. Interamente bio, realizzato in noce americano massiccio, dalle misure personalizzabili.<\/figcaption><\/figure>\n\n\n\n<p>Per avere una mansarda arredata a regola d\u2019arte,<strong> studia bene gli spazi<\/strong> a tua disposizione.<\/p>\n\n\n\n<p>I lati pi\u00f9 bassi possono diventare preziosi quanto quelli pi\u00f9 alti. L\u2019importante \u00e8 usarli per disporre cassettiere, comodini e librerie di piccole dimensioni.<\/p>\n\n\n\n<p>In questo modo puoi dare nuova vita alle zone considerate non abitabili, lasciando libere quelle con il soffitto pi\u00f9 alto.<\/p>\n\n\n\n<p>Come detto, l\u2019importante \u00e8 avere un po\u2019 di fantasia e i prodotti giusti.<\/p>\n","protected":false},"excerpt":{"rendered":"<p>La mansarda \u00e8 un ambiente che ben si sposa con i principi dell\u2019 arredamento zen. \u00c8 uno spazio intimo, luminoso, lontano dai rumori della strada. L\u00e0 dove le travi portati sono a vista, aggiungono al tutto un tocco rustico ma elegante. Purtroppo, la mansarda \u00e8 anche un ambiente difficile da arredare. Gli spazi ridotti e [&hellip;]<\/p>\n","protected":false},"author":3,"featured_media":2977,"comment_status":"closed","ping_status":"closed","sticky":false,"template":"","format":"standard","meta":[],"categories":[6,5],"tags":[104,107],"yoast_head":"<!-- This site is optimized with the Yoast SEO plugin v21.8.1 - https:\/\/yoast.com\/wordpress\/plugins\/seo\/ -->\r\n<title>Abiti in mansarda? Ecco l\u2019 arredamento zen per te! - Vivere Zen<\/title>\r\n<meta name=\"description\" content=\"La mansarda \u00e8 un ambiente che ben si sposa con i principi dell\u2019 arredamento zen. \u00c8 infatti uno spazio intimo, luminoso, lontano dai rumori della strada\" \/>\r\n<meta name=\"robots\" content=\"index, follow, max-snippet:-1, max-image-preview:large, max-video-preview:-1\" \/>\r\n<link rel=\"canonical\" href=\"https:\/\/www.viverezen.it\/giornale-bio\/mansarda-arredamento-zen\/\" \/>\r\n<meta property=\"og:locale\" content=\"it_IT\" \/>\r\n<meta property=\"og:type\" content=\"article\" \/>\r\n<meta property=\"og:title\" content=\"Abiti in mansarda? Ecco l\u2019 arredamento zen per te! - Vivere Zen\" \/>\r\n<meta property=\"og:description\" content=\"La mansarda \u00e8 un ambiente che ben si sposa con i principi dell\u2019 arredamento zen. \u00c8 infatti uno spazio intimo, luminoso, lontano dai rumori della strada\" \/>\r\n<meta property=\"og:url\" content=\"https:\/\/www.viverezen.it\/giornale-bio\/mansarda-arredamento-zen\/\" \/>\r\n<meta property=\"og:site_name\" content=\"Vivere Zen\" \/>\r\n<meta property=\"article:author\" content=\"https:\/\/www.facebook.com\/VivereZen\/\" \/>\r\n<meta property=\"article:published_time\" content=\"2017-11-01T08:00:51+00:00\" \/>\r\n<meta property=\"article:modified_time\" content=\"2020-03-20T13:50:07+00:00\" \/>\r\n<meta property=\"og:image\" content=\"https:\/\/www.viverezen.it\/giornale-bio\/wp-content\/uploads\/2017\/10\/Mansarda-arredamento-zen.jpg\" \/>\r\n\t<meta property=\"og:image:width\" content=\"1000\" \/>\r\n\t<meta property=\"og:image:height\" content=\"667\" \/>\r\n\t<meta property=\"og:image:type\" content=\"image\/jpeg\" \/>\r\n<meta name=\"author\" content=\"Redazione VivereZen\" \/>\r\n<meta name=\"twitter:card\" content=\"summary_large_image\" \/>\r\n<meta name=\"twitter:label1\" content=\"Scritto da\" \/>\n\t<meta name=\"twitter:data1\" content=\"Redazione VivereZen\" \/>\n\t<meta name=\"twitter:label2\" content=\"Tempo di lettura stimato\" \/>\n\t<meta name=\"twitter:data2\" content=\"2 minuti\" \/>\r\n<script type=\"application\/ld+json\" class=\"yoast-schema-graph\">{\"@context\":\"https:\/\/schema.org\",\"@graph\":[{\"@type\":\"WebPage\",\"@id\":\"https:\/\/www.viverezen.it\/giornale-bio\/mansarda-arredamento-zen\/\",\"url\":\"https:\/\/www.viverezen.it\/giornale-bio\/mansarda-arredamento-zen\/\",\"name\":\"Abiti in mansarda? Ecco l\u2019 arredamento zen per te! - Vivere Zen\",\"isPartOf\":{\"@id\":\"https:\/\/www.viverezen.it\/giornale-bio\/#website\"},\"datePublished\":\"2017-11-01T08:00:51+00:00\",\"dateModified\":\"2020-03-20T13:50:07+00:00\",\"author\":{\"@id\":\"https:\/\/www.viverezen.it\/giornale-bio\/#\/schema\/person\/9617eea4629b49ad5e59f806fe11d2e1\"},\"description\":\"La mansarda \u00e8 un ambiente che ben si sposa con i principi dell\u2019 arredamento zen. \u00c8 infatti uno spazio intimo, luminoso, lontano dai rumori della strada\",\"breadcrumb\":{\"@id\":\"https:\/\/www.viverezen.it\/giornale-bio\/mansarda-arredamento-zen\/#breadcrumb\"},\"inLanguage\":\"it-IT\",\"potentialAction\":[{\"@type\":\"ReadAction\",\"target\":[\"https:\/\/www.viverezen.it\/giornale-bio\/mansarda-arredamento-zen\/\"]}]},{\"@type\":\"BreadcrumbList\",\"@id\":\"https:\/\/www.viverezen.it\/giornale-bio\/mansarda-arredamento-zen\/#breadcrumb\",\"itemListElement\":[{\"@type\":\"ListItem\",\"position\":1,\"name\":\"Home\",\"item\":\"https:\/\/www.viverezen.it\/giornale-bio\/\"},{\"@type\":\"ListItem\",\"position\":2,\"name\":\"Abiti in mansarda? Ecco l\u2019arredamento zen per te!\"}]},{\"@type\":\"WebSite\",\"@id\":\"https:\/\/www.viverezen.it\/giornale-bio\/#website\",\"url\":\"https:\/\/www.viverezen.it\/giornale-bio\/\",\"name\":\"Vivere Zen\",\"description\":\"Lo Zen e l&#039;arte di arredare\",\"potentialAction\":[{\"@type\":\"SearchAction\",\"target\":{\"@type\":\"EntryPoint\",\"urlTemplate\":\"https:\/\/www.viverezen.it\/giornale-bio\/?s={search_term_string}\"},\"query-input\":\"required name=search_term_string\"}],\"inLanguage\":\"it-IT\"},{\"@type\":\"Person\",\"@id\":\"https:\/\/www.viverezen.it\/giornale-bio\/#\/schema\/person\/9617eea4629b49ad5e59f806fe11d2e1\",\"name\":\"Redazione VivereZen\",\"image\":{\"@type\":\"ImageObject\",\"inLanguage\":\"it-IT\",\"@id\":\"https:\/\/www.viverezen.it\/giornale-bio\/#\/schema\/person\/image\/\",\"url\":\"https:\/\/www.viverezen.it\/giornale-bio\/wp-content\/uploads\/2020\/02\/vz-logo-tondo-150x150.jpg\",\"contentUrl\":\"https:\/\/www.viverezen.it\/giornale-bio\/wp-content\/uploads\/2020\/02\/vz-logo-tondo-150x150.jpg\",\"caption\":\"Redazione VivereZen\"},\"description\":\"Manifattura e qualit\u00e0 italiana in stile orientale. Bio Zen per noi significa rispetto dell'intero ciclo di produzione e consumo. Coltivazioni Bio o di provenienza controllata delle materie prime, rispetto del lavoro, economia Italiana, importazione da Circuiti Etici o Verificati, rispetto del risparmio del cliente, no materiali tossici durante la produzione, biodegradabilit\u00e0, tra le nostre linee guida. Vieni a trovarci su Viverezen.it!\",\"sameAs\":[\"http:\/\/www.viverezen.it\",\"https:\/\/www.facebook.com\/VivereZen\/\"],\"url\":\"https:\/\/www.viverezen.it\/giornale-bio\/author\/redazione-viverezen\/\"}]}<\/script>\r\n<!-- \/ Yoast SEO plugin. -->","yoast_head_json":{"title":"Abiti in mansarda? Ecco l\u2019 arredamento zen per te! - Vivere Zen","description":"La mansarda \u00e8 un ambiente che ben si sposa con i principi dell\u2019 arredamento zen. \u00c8 infatti uno spazio intimo, luminoso, lontano dai rumori della strada","robots":{"index":"index","follow":"follow","max-snippet":"max-snippet:-1","max-image-preview":"max-image-preview:large","max-video-preview":"max-video-preview:-1"},"canonical":"https:\/\/www.viverezen.it\/giornale-bio\/mansarda-arredamento-zen\/","og_locale":"it_IT","og_type":"article","og_title":"Abiti in mansarda? Ecco l\u2019 arredamento zen per te! - Vivere Zen","og_description":"La mansarda \u00e8 un ambiente che ben si sposa con i principi dell\u2019 arredamento zen. \u00c8 infatti uno spazio intimo, luminoso, lontano dai rumori della strada","og_url":"https:\/\/www.viverezen.it\/giornale-bio\/mansarda-arredamento-zen\/","og_site_name":"Vivere Zen","article_author":"https:\/\/www.facebook.com\/VivereZen\/","article_published_time":"2017-11-01T08:00:51+00:00","article_modified_time":"2020-03-20T13:50:07+00:00","og_image":[{"width":1000,"height":667,"url":"https:\/\/www.viverezen.it\/giornale-bio\/wp-content\/uploads\/2017\/10\/Mansarda-arredamento-zen.jpg","type":"image\/jpeg"}],"author":"Redazione VivereZen","twitter_card":"summary_large_image","twitter_misc":{"Scritto da":"Redazione VivereZen","Tempo di lettura stimato":"2 minuti"},"schema":{"@context":"https:\/\/schema.org","@graph":[{"@type":"WebPage","@id":"https:\/\/www.viverezen.it\/giornale-bio\/mansarda-arredamento-zen\/","url":"https:\/\/www.viverezen.it\/giornale-bio\/mansarda-arredamento-zen\/","name":"Abiti in mansarda? Ecco l\u2019 arredamento zen per te! - Vivere Zen","isPartOf":{"@id":"https:\/\/www.viverezen.it\/giornale-bio\/#website"},"datePublished":"2017-11-01T08:00:51+00:00","dateModified":"2020-03-20T13:50:07+00:00","author":{"@id":"https:\/\/www.viverezen.it\/giornale-bio\/#\/schema\/person\/9617eea4629b49ad5e59f806fe11d2e1"},"description":"La mansarda \u00e8 un ambiente che ben si sposa con i principi dell\u2019 arredamento zen. \u00c8 infatti uno spazio intimo, luminoso, lontano dai rumori della strada","breadcrumb":{"@id":"https:\/\/www.viverezen.it\/giornale-bio\/mansarda-arredamento-zen\/#breadcrumb"},"inLanguage":"it-IT","potentialAction":[{"@type":"ReadAction","target":["https:\/\/www.viverezen.it\/giornale-bio\/mansarda-arredamento-zen\/"]}]},{"@type":"BreadcrumbList","@id":"https:\/\/www.viverezen.it\/giornale-bio\/mansarda-arredamento-zen\/#breadcrumb","itemListElement":[{"@type":"ListItem","position":1,"name":"Home","item":"https:\/\/www.viverezen.it\/giornale-bio\/"},{"@type":"ListItem","position":2,"name":"Abiti in mansarda? Ecco l\u2019arredamento zen per te!"}]},{"@type":"WebSite","@id":"https:\/\/www.viverezen.it\/giornale-bio\/#website","url":"https:\/\/www.viverezen.it\/giornale-bio\/","name":"Vivere Zen","description":"Lo Zen e l&#039;arte di arredare","potentialAction":[{"@type":"SearchAction","target":{"@type":"EntryPoint","urlTemplate":"https:\/\/www.viverezen.it\/giornale-bio\/?s={search_term_string}"},"query-input":"required name=search_term_string"}],"inLanguage":"it-IT"},{"@type":"Person","@id":"https:\/\/www.viverezen.it\/giornale-bio\/#\/schema\/person\/9617eea4629b49ad5e59f806fe11d2e1","name":"Redazione VivereZen","image":{"@type":"ImageObject","inLanguage":"it-IT","@id":"https:\/\/www.viverezen.it\/giornale-bio\/#\/schema\/person\/image\/","url":"https:\/\/www.viverezen.it\/giornale-bio\/wp-content\/uploads\/2020\/02\/vz-logo-tondo-150x150.jpg","contentUrl":"https:\/\/www.viverezen.it\/giornale-bio\/wp-content\/uploads\/2020\/02\/vz-logo-tondo-150x150.jpg","caption":"Redazione VivereZen"},"description":"Manifattura e qualit\u00e0 italiana in stile orientale. Bio Zen per noi significa rispetto dell'intero ciclo di produzione e consumo. Coltivazioni Bio o di provenienza controllata delle materie prime, rispetto del lavoro, economia Italiana, importazione da Circuiti Etici o Verificati, rispetto del risparmio del cliente, no materiali tossici durante la produzione, biodegradabilit\u00e0, tra le nostre linee guida. Vieni a trovarci su Viverezen.it!","sameAs":["http:\/\/www.viverezen.it","https:\/\/www.facebook.com\/VivereZen\/"],"url":"https:\/\/www.viverezen.it\/giornale-bio\/author\/redazione-viverezen\/"}]}},"_links":{"self":[{"href":"https:\/\/www.viverezen.it\/giornale-bio\/wp-json\/wp\/v2\/posts\/2985"}],"collection":[{"href":"https:\/\/www.viverezen.it\/giornale-bio\/wp-json\/wp\/v2\/posts"}],"about":[{"href":"https:\/\/www.viverezen.it\/giornale-bio\/wp-json\/wp\/v2\/types\/post"}],"author":[{"embeddable":true,"href":"https:\/\/www.viverezen.it\/giornale-bio\/wp-json\/wp\/v2\/users\/3"}],"replies":[{"embeddable":true,"href":"https:\/\/www.viverezen.it\/giornale-bio\/wp-json\/wp\/v2\/comments?post=2985"}],"version-history":[{"count":18,"href":"https:\/\/www.viverezen.it\/giornale-bio\/wp-json\/wp\/v2\/posts\/2985\/revisions"}],"predecessor-version":[{"id":4076,"href":"https:\/\/www.viverezen.it\/giornale-bio\/wp-json\/wp\/v2\/posts\/2985\/revisions\/4076"}],"wp:featuredmedia":[{"embeddable":true,"href":"https:\/\/www.viverezen.it\/giornale-bio\/wp-json\/wp\/v2\/media\/2977"}],"wp:attachment":[{"href":"https:\/\/www.viverezen.it\/giornale-bio\/wp-json\/wp\/v2\/media?parent=2985"}],"wp:term":[{"taxonomy":"category","embeddable":true,"href":"https:\/\/www.viverezen.it\/giornale-bio\/wp-json\/wp\/v2\/categories?post=2985"},{"taxonomy":"post_tag","embeddable":true,"href":"https:\/\/www.viverezen.it\/giornale-bio\/wp-json\/wp\/v2\/tags?post=2985"}],"curies":[{"name":"wp","href":"https:\/\/api.w.org\/{rel}","templated":true}]}}