{"id":3589,"date":"2020-09-01T09:30:00","date_gmt":"2020-09-01T07:30:00","guid":{"rendered":"https:\/\/www.viverezen.it\/giornale-bio\/?p=3589"},"modified":"2022-12-29T11:51:01","modified_gmt":"2022-12-29T10:51:01","slug":"letti-legno-contenitore","status":"publish","type":"post","link":"https:\/\/www.viverezen.it\/giornale-bio\/letti-legno-contenitore\/","title":{"rendered":"Letti in legno contenitore dal Nord Europa. Qualit\u00e0 e stile"},"content":{"rendered":"\n<p>I letti in legno contenitore riescono a unire tre grandi pregi: <strong>naturalit\u00e0<\/strong>, <strong>comodit\u00e0<\/strong> e <strong>bellezza<\/strong>. Il loro design \u00e8 elegante e caldo, grazie all&#8217;uso del legno. Allo stesso tempo, il contenitore sotto la rete permette di guadagnare tantissimo spazio. Sono quindi una risorsa preziosa per chi vive in una casa piccola ma non vuole rinunciare allo stile.<\/p>\n\n\n\n<p>La comodit\u00e0 dei letti contenitore \u00e8 ormai riconosciuta un po\u2019 da tutti. Negli ultimi anni, per\u00f2, stanno prendendo piede in particolare i letti contenitore provenienti dal <strong>Nord Europa<\/strong>.<\/p>\n\n\n\n<h2 class=\"wp-block-heading\">I legni pi\u00f9 usati<\/h2>\n\n\n\n<div class=\"wp-block-image\"><figure class=\"aligncenter size-full is-resized\"><a href=\"https:\/\/www.viverezen.it\/letto-in-legno-sparta-in-pino-con-cassetti-1587.phtm\"><img decoding=\"async\" loading=\"lazy\" src=\"https:\/\/www.viverezen.it\/giornale-bio\/wp-content\/uploads\/2020\/02\/Letto-Sparta-Pino-con-cassetti-03-1.jpg\" alt=\"Letto in legno Sparta in Pino con cassetti, disponibile nelle misure dalla piazza e mezza a matrimoniale. \" class=\"wp-image-3982\" width=\"580\" height=\"398\" srcset=\"https:\/\/www.viverezen.it\/giornale-bio\/wp-content\/uploads\/2020\/02\/Letto-Sparta-Pino-con-cassetti-03-1.jpg 899w, https:\/\/www.viverezen.it\/giornale-bio\/wp-content\/uploads\/2020\/02\/Letto-Sparta-Pino-con-cassetti-03-1-300x206.jpg 300w, https:\/\/www.viverezen.it\/giornale-bio\/wp-content\/uploads\/2020\/02\/Letto-Sparta-Pino-con-cassetti-03-1-768x528.jpg 768w\" sizes=\"(max-width: 580px) 100vw, 580px\" \/><\/a><figcaption> Letto in legno Sparta in Pino con cassetti, disponibile nelle misure dalla piazza e mezza a matrimoniale. <\/figcaption><\/figure><\/div>\n\n\n\n<p>Il materiale pi\u00f9 diffuso nei paesi nordeuropei \u00e8 il legno. Sono infatti zone in cui la densit\u00e0 di popolazione \u00e8 minima, ricche di boschi enormi. Stupisce poco che case, mobili e letti siano quasi del tutto realizzati in legno. E stupisce ancora di meno che il design nordico stia prendendo tanto piede in questo periodo di riscoperta dei materiali naturali.<\/p>\n\n\n\n<p>Uno dei materiali pi\u00f9 usati per i letti in legno e per il mobilio nordeuropeo \u00e8 il <strong>pino scandinavo<\/strong>. Come da nome, \u00e8 una variet\u00e0 di pino presente soprattutto nelle grandi foreste della Scandinavia. Essendo disponibile in <strong>grosse quantit\u00e0<\/strong>, rimane <strong>economico<\/strong> nonostante l\u2019alta qualit\u00e0. Inoltre, \u00e8 facile da lavorare ed emana un profumo piacevole.<\/p>\n\n\n\n<p>Altro legno molto usato per i letti contenitore \u00e8 il <strong>faggio<\/strong>, che cresce in tutta Europa. Essendo poco impermeabile, \u00e8 un legno apprezzato in particolare per <strong>rifiniture di interni e mobili<\/strong>. In compenso \u00e8 robusto, facile da lavorare e bello a vedersi anche senza verniciatura.<\/p>\n\n\n\n<h2 class=\"wp-block-heading\">Contenitore o cassetti?<\/h2>\n\n\n\n<div class=\"wp-block-image\"><figure class=\"aligncenter size-large\"><a href=\"https:\/\/www.viverezen.it\/letto+in+legno+vestre+in+faggio.shtm\"><img decoding=\"async\" loading=\"lazy\" width=\"902\" height=\"622\" src=\"https:\/\/www.viverezen.it\/giornale-bio\/wp-content\/uploads\/2020\/02\/vestre-faggio-contenitore.jpg\" alt=\" Letto Vestre, in legno di Faggio, disponibile con cassetti o contenitore\" class=\"wp-image-3983\" srcset=\"https:\/\/www.viverezen.it\/giornale-bio\/wp-content\/uploads\/2020\/02\/vestre-faggio-contenitore.jpg 902w, https:\/\/www.viverezen.it\/giornale-bio\/wp-content\/uploads\/2020\/02\/vestre-faggio-contenitore-300x207.jpg 300w, https:\/\/www.viverezen.it\/giornale-bio\/wp-content\/uploads\/2020\/02\/vestre-faggio-contenitore-768x530.jpg 768w\" sizes=\"(max-width: 902px) 100vw, 902px\" \/><\/a><figcaption> Letto Vestre, in legno di Faggio, disponibile con cassetti o contenitore. <\/figcaption><\/figure><\/div>\n\n\n\n<p>Esistono due tipi di letti contenitore: quelli con il contenitore in senso stretto e quelli con i cassetti. Entrambe le opzioni hanno i loro pro e i loro contro, prestandosi a diversi tipi di ambiente.<\/p>\n\n\n\n<p>I <strong>letti in legno con contenitore<\/strong> sono dotati di un meccanismo a molle che permette di sollevare la rete. Basta un gesto per accedere all&#8217;ampio contenitore all&#8217;interno del letto, altrettanto per rimettere la rete a posto. Questi letti sono adatti a <strong>stanze piccole o affollate<\/strong>, dato che l\u2019apertura avviene verso l\u2019alto. L\u2019unico difetto? Non \u00e8 possibile accedere al contenitore se c\u2019\u00e8 qualcuno o qualcosa sopra il letto.<\/p>\n\n\n\n<p>I <strong>letti in legno con cassetti <\/strong>si basano su un concetto simile a quello dei letti in legno contenitore. Incassati sotto la rete ci sono dei cassetti estraibili e utilizzabili a piacere. Al contrario dei letti contenitore classici, permettono di accedere allo spazio sotto la rete anche se il letto \u00e8 occupato. Inoltre, contengono <strong>meno<\/strong><strong> componenti metalliche<\/strong> rispetto a quelli con contenitore. Richiedono per\u00f2 pi\u00f9 spazio libero intorno al letto, poich\u00e9 l\u2019apertura avviene in senso orizzontale.<\/p>\n\n\n\n<h2 class=\"wp-block-heading\">Esempi di letti in legno contenitore<\/h2>\n\n\n\n<p>Vivere Zen propone una vasta gamma di letti in legno contenitore provenienti dal Nord Europa. Ogni modello \u00e8 disponibile nella versione classica, con contenitore e con cassetti. \u00c8 possibile anche scegliere tra la versione in legno di faggio e in legno di pino.<\/p>\n\n\n\n<p>Curiosit\u00e0: tutti i modelli sono disponibili anche nella versione 200&#215;200 cm. Puoi quindi avere un letto pi\u00f9 spazioso rispetto al matrimoniale standard.<\/p>\n\n\n\n<div style=\"height:20px\" aria-hidden=\"true\" class=\"wp-block-spacer\"><\/div>\n\n\n\n<h3 class=\"wp-block-heading\">Letto in legno Sparta<\/h3>\n\n\n\n<div class=\"wp-block-image\"><figure class=\"aligncenter size-large\"><img decoding=\"async\" loading=\"lazy\" width=\"900\" height=\"444\" src=\"https:\/\/www.viverezen.it\/giornale-bio\/wp-content\/uploads\/2020\/02\/Sparta-contenitore-pino.jpg\" alt=\"Letto in legno Sparta\" class=\"wp-image-3997\" srcset=\"https:\/\/www.viverezen.it\/giornale-bio\/wp-content\/uploads\/2020\/02\/Sparta-contenitore-pino.jpg 900w, https:\/\/www.viverezen.it\/giornale-bio\/wp-content\/uploads\/2020\/02\/Sparta-contenitore-pino-300x148.jpg 300w, https:\/\/www.viverezen.it\/giornale-bio\/wp-content\/uploads\/2020\/02\/Sparta-contenitore-pino-768x379.jpg 768w\" sizes=\"(max-width: 900px) 100vw, 900px\" \/><figcaption>Letto in legno Sparta<\/figcaption><\/figure><\/div>\n\n\n\n<p><strong>Sparta <\/strong>\u00e8 un elegante letto in legno con testata, realizzato interamente in legno. Pur presentando alcune componenti metalliche, \u00e8 rifinito con vernici naturali.<\/p>\n\n\n\n<p>Le linee orizzontali che tagliano testata e piedi contribuiscono a dare un senso di maggiore ampiezza. L\u2019assenza di decorazioni superflue conferisce invece una bella ed elegante semplicit\u00e0 al tutto.<\/p>\n\n\n\n<div style=\"height:20px\" aria-hidden=\"true\" class=\"wp-block-spacer\"><\/div>\n\n\n\n<h3 class=\"wp-block-heading\">Letto in legno Spectrum<\/h3>\n\n\n\n<div class=\"wp-block-image\"><figure class=\"aligncenter size-large\"><a href=\"https:\/\/www.viverezen.it\/letto+spectrum.shtm\"><img decoding=\"async\" loading=\"lazy\" width=\"900\" height=\"444\" src=\"https:\/\/www.viverezen.it\/giornale-bio\/wp-content\/uploads\/2020\/02\/spectrum-contenitore.jpg\" alt=\"Letto in legno Spectrum\" class=\"wp-image-3998\" srcset=\"https:\/\/www.viverezen.it\/giornale-bio\/wp-content\/uploads\/2020\/02\/spectrum-contenitore.jpg 900w, https:\/\/www.viverezen.it\/giornale-bio\/wp-content\/uploads\/2020\/02\/spectrum-contenitore-300x148.jpg 300w, https:\/\/www.viverezen.it\/giornale-bio\/wp-content\/uploads\/2020\/02\/spectrum-contenitore-768x379.jpg 768w\" sizes=\"(max-width: 900px) 100vw, 900px\" \/><\/a><figcaption>Letto in legno Spectrum<\/figcaption><\/figure><\/div>\n\n\n\n<p><strong>Spectrum <\/strong>\u00e8 un letto in legno contenitore, anch\u2019esso. rifinito con vernici ecologiche. Puoi scegliere tra diverse colorazioni, in modo che si accordi con tutti i tipi di arredamento. Nonostante presenti parti metalliche, \u00e8 un letto naturale e confortevole.<\/p>\n\n\n\n<p>Il letto in legno Spectrum ha una testiera bassa, appena accennata e del tutto liscia. Anche il resto del letto \u00e8 privo di elementi che ne disturbino l\u2019uniformit\u00e0. L\u2019ideale per chi cerca il massimo del minimalismo.<\/p>\n\n\n\n<div style=\"height:20px\" aria-hidden=\"true\" class=\"wp-block-spacer\"><\/div>\n\n\n\n<h3 class=\"wp-block-heading\">Letto in legno Vestre<\/h3>\n\n\n\n<div class=\"wp-block-image\"><figure class=\"aligncenter size-large\"><a href=\"https:\/\/www.viverezen.it\/letto+vestre.shtm\"><img decoding=\"async\" loading=\"lazy\" width=\"900\" height=\"444\" src=\"https:\/\/www.viverezen.it\/giornale-bio\/wp-content\/uploads\/2020\/02\/vestre-maxi-faggio.jpg\" alt=\"Letto in legno Vestre\" class=\"wp-image-3995\" srcset=\"https:\/\/www.viverezen.it\/giornale-bio\/wp-content\/uploads\/2020\/02\/vestre-maxi-faggio.jpg 900w, https:\/\/www.viverezen.it\/giornale-bio\/wp-content\/uploads\/2020\/02\/vestre-maxi-faggio-300x148.jpg 300w, https:\/\/www.viverezen.it\/giornale-bio\/wp-content\/uploads\/2020\/02\/vestre-maxi-faggio-768x379.jpg 768w\" sizes=\"(max-width: 900px) 100vw, 900px\" \/><\/a><figcaption>Letto in legno Vestre<\/figcaption><\/figure><\/div>\n\n\n\n<p>Il letto contenitore <strong>Vestre <\/strong>\u00e8 minimale ed elegante. Grazie alle sue linee semplici, unisce il calore del legno alla semplicit\u00e0. \u00c8 quindi adatto a chi cerca un arredamento minimale ma d\u2019impatto, che ricordi in linea generale i principi dell\u2019arredamento zen.<\/p>\n\n\n\n<p>I tagli verticali presenti sulla parte frontale di Vestre contribuiscono a renderlo pi\u00f9 alto alla vista.<\/p>\n\n\n\n<div style=\"height:20px\" aria-hidden=\"true\" class=\"wp-block-spacer\"><\/div>\n\n\n\n<div class=\"wp-block-image is-style-rounded\"><figure class=\"alignleft size-large is-resized\"><img decoding=\"async\" loading=\"lazy\" src=\"https:\/\/www.viverezen.it\/giornale-bio\/wp-content\/uploads\/2020\/02\/vestre-faggio-contenitore.jpg\" alt=\"letto contenitore\" class=\"wp-image-3983\" width=\"597\" height=\"411\" srcset=\"https:\/\/www.viverezen.it\/giornale-bio\/wp-content\/uploads\/2020\/02\/vestre-faggio-contenitore.jpg 902w, https:\/\/www.viverezen.it\/giornale-bio\/wp-content\/uploads\/2020\/02\/vestre-faggio-contenitore-300x207.jpg 300w, https:\/\/www.viverezen.it\/giornale-bio\/wp-content\/uploads\/2020\/02\/vestre-faggio-contenitore-768x530.jpg 768w\" sizes=\"(max-width: 597px) 100vw, 597px\" \/><\/figure><\/div>\n\n\n\n<p class=\"has-background\" style=\"background-color:#eeeeee\"><strong>CONSIGLI PER GLI ACQUISTI<\/strong><br>I <a href=\"https:\/\/www.viverezen.it\/letti-in-legno-linea-salvaspazio-481.ghtm\"><strong>letti contenitore salvaspazio<\/strong><\/a> sono disponibili in lamellare di pino o di faggio. Il legno lamellare prende le parti migliori del massello eliminando impurit\u00e0 e nodi. Lo stile adoperato \u00e8 il Japandi, che unisce la semplicit\u00e0 dell\u2019arredo scandinavo ai colori pi\u00f9 caldi dello stile giapponese.<br><br><strong>PER LO SHOPPING<\/strong><br><strong>&#8211; <a href=\"https:\/\/www.viverezen.it\/letti+contenitore.shtm\">Letti contenitore<\/a><br>&#8211; <a href=\"https:\/\/www.viverezen.it\/letti+cassetti.shtm\">Letti con cassetti<\/a><\/strong><\/p>\n\n\n\n<div style=\"height:30px\" aria-hidden=\"true\" class=\"wp-block-spacer\"><\/div>\n\n\n\n<h4 class=\"wp-block-heading\">Approfondimenti<\/h4>\n\n\n\n<ul><li><strong><a href=\"https:\/\/arredo.bio\/materiali\/legno-lamellare-e-multistrato\/\">Il Legno Lamellare, da Arredo.Bio<\/a><\/strong><\/li><li><strong><a href=\"https:\/\/futon.it\/larredamento-giapponese-oggi-i-vari-stili-trattati-in-modo-semplice\/\">Japandi, da Futon.it<\/a><\/strong><\/li><\/ul>\n\n\n\n<h4 class=\"wp-block-heading\">Alcuni esempi dello stile Japandi:<\/h4>\n\n\n\n<div class=\"wp-block-columns is-layout-flex wp-container-3\">\n<div class=\"wp-block-column is-layout-flow\">\n<figure class=\"wp-block-image size-large\"><a href=\"https:\/\/www.viverezen.it\/cassettiera-in-legno-vestre-in-faggio-1580.phtm\"><img decoding=\"async\" loading=\"lazy\" width=\"700\" height=\"516\" src=\"https:\/\/www.viverezen.it\/giornale-bio\/wp-content\/uploads\/2020\/08\/cassettiera-vestre-massello-faggio-2.jpg\" alt=\"Cassettiera Vestre in legno di faggio\" class=\"wp-image-4352\" srcset=\"https:\/\/www.viverezen.it\/giornale-bio\/wp-content\/uploads\/2020\/08\/cassettiera-vestre-massello-faggio-2.jpg 700w, https:\/\/www.viverezen.it\/giornale-bio\/wp-content\/uploads\/2020\/08\/cassettiera-vestre-massello-faggio-2-300x221.jpg 300w, https:\/\/www.viverezen.it\/giornale-bio\/wp-content\/uploads\/2020\/08\/cassettiera-vestre-massello-faggio-2-220x162.jpg 220w\" sizes=\"(max-width: 700px) 100vw, 700px\" \/><\/a><figcaption>Cassettiera Vestre in legno di faggio<\/figcaption><\/figure>\n\n\n\n<figure class=\"wp-block-image size-large\"><a href=\"https:\/\/www.viverezen.it\/comodino-in-legno-massello-di-faggio-spectrum-1573.phtm\"><img decoding=\"async\" loading=\"lazy\" width=\"700\" height=\"516\" src=\"https:\/\/www.viverezen.it\/giornale-bio\/wp-content\/uploads\/2020\/08\/comodino-spectrum-massello-di-faggio.jpg\" alt=\"Comodino Spectrum con un cassetto\" class=\"wp-image-4354\" srcset=\"https:\/\/www.viverezen.it\/giornale-bio\/wp-content\/uploads\/2020\/08\/comodino-spectrum-massello-di-faggio.jpg 700w, https:\/\/www.viverezen.it\/giornale-bio\/wp-content\/uploads\/2020\/08\/comodino-spectrum-massello-di-faggio-300x221.jpg 300w, https:\/\/www.viverezen.it\/giornale-bio\/wp-content\/uploads\/2020\/08\/comodino-spectrum-massello-di-faggio-220x162.jpg 220w\" sizes=\"(max-width: 700px) 100vw, 700px\" \/><\/a><figcaption>Comodino Spectrum con un cassetto<\/figcaption><\/figure>\n<\/div>\n\n\n\n<div class=\"wp-block-column is-layout-flow\">\n<figure class=\"wp-block-image size-large\"><a href=\"https:\/\/www.viverezen.it\/cassettiera-in-legno-massello-di-pino-sparta-56-cassetti-1582.phtm\"><img decoding=\"async\" loading=\"lazy\" width=\"700\" height=\"516\" src=\"https:\/\/www.viverezen.it\/giornale-bio\/wp-content\/uploads\/2020\/08\/cassettiera-sparta-pino-massello-1.jpg\" alt=\"Cassettiera Sparta in legno di pino\" class=\"wp-image-4353\" srcset=\"https:\/\/www.viverezen.it\/giornale-bio\/wp-content\/uploads\/2020\/08\/cassettiera-sparta-pino-massello-1.jpg 700w, https:\/\/www.viverezen.it\/giornale-bio\/wp-content\/uploads\/2020\/08\/cassettiera-sparta-pino-massello-1-300x221.jpg 300w, https:\/\/www.viverezen.it\/giornale-bio\/wp-content\/uploads\/2020\/08\/cassettiera-sparta-pino-massello-1-220x162.jpg 220w\" sizes=\"(max-width: 700px) 100vw, 700px\" \/><\/a><figcaption>Cassettiera Sparta in legno di pino<\/figcaption><\/figure>\n\n\n\n<figure class=\"wp-block-image size-large\"><a href=\"https:\/\/www.viverezen.it\/comodino-in-legno-sparta-maxi-in-pino-1632.phtm\"><img decoding=\"async\" loading=\"lazy\" width=\"700\" height=\"516\" src=\"https:\/\/www.viverezen.it\/giornale-bio\/wp-content\/uploads\/2020\/08\/comodino-sparta-maxi-pino.jpg\" alt=\"Comodino Sparta Maxi con due cassetti\" class=\"wp-image-4355\" srcset=\"https:\/\/www.viverezen.it\/giornale-bio\/wp-content\/uploads\/2020\/08\/comodino-sparta-maxi-pino.jpg 700w, https:\/\/www.viverezen.it\/giornale-bio\/wp-content\/uploads\/2020\/08\/comodino-sparta-maxi-pino-300x221.jpg 300w, https:\/\/www.viverezen.it\/giornale-bio\/wp-content\/uploads\/2020\/08\/comodino-sparta-maxi-pino-220x162.jpg 220w\" sizes=\"(max-width: 700px) 100vw, 700px\" \/><\/a><figcaption>Comodino Sparta Maxi con due cassetti<\/figcaption><\/figure>\n<\/div>\n<\/div>\n\n\n\n<p><\/p>\n","protected":false},"excerpt":{"rendered":"<p>I letti in legno contenitore riescono a unire tre grandi pregi: naturalit\u00e0, comodit\u00e0 e bellezza. Il loro design \u00e8 elegante e caldo, grazie all&#8217;uso del legno. Allo stesso tempo, il contenitore sotto la rete permette di guadagnare tantissimo spazio. Sono quindi una risorsa preziosa per chi vive in una casa piccola ma non vuole rinunciare [&hellip;]<\/p>\n","protected":false},"author":3,"featured_media":3593,"comment_status":"closed","ping_status":"closed","sticky":false,"template":"","format":"standard","meta":[],"categories":[6,5],"tags":[104,36,121,46],"yoast_head":"<!-- This site is optimized with the Yoast SEO plugin v21.8.1 - https:\/\/yoast.com\/wordpress\/plugins\/seo\/ -->\r\n<title>Letti in legno contenitore dal Nord Europa. Qualit\u00e0 e stile - Vivere Zen<\/title>\r\n<meta name=\"description\" content=\"I letti in legno contenitore riescono a unire tre grandi pregi: naturalit\u00e0, comodit\u00e0 e bellezza. Il loro design \u00e8 elegante e caldo, grazie all\u2019uso del legno. Allo stesso tempo, il contenitore sotto la rete permette di guadagnare spazio\" \/>\r\n<meta name=\"robots\" content=\"index, follow, max-snippet:-1, max-image-preview:large, max-video-preview:-1\" \/>\r\n<link rel=\"canonical\" href=\"https:\/\/www.viverezen.it\/giornale-bio\/letti-legno-contenitore\/\" \/>\r\n<meta property=\"og:locale\" content=\"it_IT\" \/>\r\n<meta property=\"og:type\" content=\"article\" \/>\r\n<meta property=\"og:title\" content=\"Letti in legno contenitore dal Nord Europa. Qualit\u00e0 e stile - Vivere Zen\" \/>\r\n<meta property=\"og:description\" content=\"I letti in legno contenitore riescono a unire tre grandi pregi: naturalit\u00e0, comodit\u00e0 e bellezza. Il loro design \u00e8 elegante e caldo, grazie all\u2019uso del legno. Allo stesso tempo, il contenitore sotto la rete permette di guadagnare spazio\" \/>\r\n<meta property=\"og:url\" content=\"https:\/\/www.viverezen.it\/giornale-bio\/letti-legno-contenitore\/\" \/>\r\n<meta property=\"og:site_name\" content=\"Vivere Zen\" \/>\r\n<meta property=\"article:author\" content=\"https:\/\/www.facebook.com\/VivereZen\/\" \/>\r\n<meta property=\"article:published_time\" content=\"2020-09-01T07:30:00+00:00\" \/>\r\n<meta property=\"article:modified_time\" content=\"2022-12-29T10:51:01+00:00\" \/>\r\n<meta property=\"og:image\" content=\"https:\/\/www.viverezen.it\/giornale-bio\/wp-content\/uploads\/2018\/04\/Letto-in-legno-Spectrum.jpg\" \/>\r\n\t<meta property=\"og:image:width\" content=\"950\" \/>\r\n\t<meta property=\"og:image:height\" content=\"634\" \/>\r\n\t<meta property=\"og:image:type\" content=\"image\/jpeg\" \/>\r\n<meta name=\"author\" content=\"Redazione VivereZen\" \/>\r\n<meta name=\"twitter:card\" content=\"summary_large_image\" \/>\r\n<meta name=\"twitter:label1\" content=\"Scritto da\" \/>\n\t<meta name=\"twitter:data1\" content=\"Redazione VivereZen\" \/>\n\t<meta name=\"twitter:label2\" content=\"Tempo di lettura stimato\" \/>\n\t<meta name=\"twitter:data2\" content=\"4 minuti\" \/>\r\n<script type=\"application\/ld+json\" class=\"yoast-schema-graph\">{\"@context\":\"https:\/\/schema.org\",\"@graph\":[{\"@type\":\"WebPage\",\"@id\":\"https:\/\/www.viverezen.it\/giornale-bio\/letti-legno-contenitore\/\",\"url\":\"https:\/\/www.viverezen.it\/giornale-bio\/letti-legno-contenitore\/\",\"name\":\"Letti in legno contenitore dal Nord Europa. Qualit\u00e0 e stile - Vivere Zen\",\"isPartOf\":{\"@id\":\"https:\/\/www.viverezen.it\/giornale-bio\/#website\"},\"datePublished\":\"2020-09-01T07:30:00+00:00\",\"dateModified\":\"2022-12-29T10:51:01+00:00\",\"author\":{\"@id\":\"https:\/\/www.viverezen.it\/giornale-bio\/#\/schema\/person\/9617eea4629b49ad5e59f806fe11d2e1\"},\"description\":\"I letti in legno contenitore riescono a unire tre grandi pregi: naturalit\u00e0, comodit\u00e0 e bellezza. Il loro design \u00e8 elegante e caldo, grazie all\u2019uso del legno. Allo stesso tempo, il contenitore sotto la rete permette di guadagnare spazio\",\"breadcrumb\":{\"@id\":\"https:\/\/www.viverezen.it\/giornale-bio\/letti-legno-contenitore\/#breadcrumb\"},\"inLanguage\":\"it-IT\",\"potentialAction\":[{\"@type\":\"ReadAction\",\"target\":[\"https:\/\/www.viverezen.it\/giornale-bio\/letti-legno-contenitore\/\"]}]},{\"@type\":\"BreadcrumbList\",\"@id\":\"https:\/\/www.viverezen.it\/giornale-bio\/letti-legno-contenitore\/#breadcrumb\",\"itemListElement\":[{\"@type\":\"ListItem\",\"position\":1,\"name\":\"Home\",\"item\":\"https:\/\/www.viverezen.it\/giornale-bio\/\"},{\"@type\":\"ListItem\",\"position\":2,\"name\":\"Letti in legno contenitore dal Nord Europa. Qualit\u00e0 e stile\"}]},{\"@type\":\"WebSite\",\"@id\":\"https:\/\/www.viverezen.it\/giornale-bio\/#website\",\"url\":\"https:\/\/www.viverezen.it\/giornale-bio\/\",\"name\":\"Vivere Zen\",\"description\":\"Lo Zen e l&#039;arte di arredare\",\"potentialAction\":[{\"@type\":\"SearchAction\",\"target\":{\"@type\":\"EntryPoint\",\"urlTemplate\":\"https:\/\/www.viverezen.it\/giornale-bio\/?s={search_term_string}\"},\"query-input\":\"required name=search_term_string\"}],\"inLanguage\":\"it-IT\"},{\"@type\":\"Person\",\"@id\":\"https:\/\/www.viverezen.it\/giornale-bio\/#\/schema\/person\/9617eea4629b49ad5e59f806fe11d2e1\",\"name\":\"Redazione VivereZen\",\"image\":{\"@type\":\"ImageObject\",\"inLanguage\":\"it-IT\",\"@id\":\"https:\/\/www.viverezen.it\/giornale-bio\/#\/schema\/person\/image\/\",\"url\":\"https:\/\/www.viverezen.it\/giornale-bio\/wp-content\/uploads\/2020\/02\/vz-logo-tondo-150x150.jpg\",\"contentUrl\":\"https:\/\/www.viverezen.it\/giornale-bio\/wp-content\/uploads\/2020\/02\/vz-logo-tondo-150x150.jpg\",\"caption\":\"Redazione VivereZen\"},\"description\":\"Manifattura e qualit\u00e0 italiana in stile orientale. Bio Zen per noi significa rispetto dell'intero ciclo di produzione e consumo. Coltivazioni Bio o di provenienza controllata delle materie prime, rispetto del lavoro, economia Italiana, importazione da Circuiti Etici o Verificati, rispetto del risparmio del cliente, no materiali tossici durante la produzione, biodegradabilit\u00e0, tra le nostre linee guida. Vieni a trovarci su Viverezen.it!\",\"sameAs\":[\"http:\/\/www.viverezen.it\",\"https:\/\/www.facebook.com\/VivereZen\/\"],\"url\":\"https:\/\/www.viverezen.it\/giornale-bio\/author\/redazione-viverezen\/\"}]}<\/script>\r\n<!-- \/ Yoast SEO plugin. -->","yoast_head_json":{"title":"Letti in legno contenitore dal Nord Europa. Qualit\u00e0 e stile - Vivere Zen","description":"I letti in legno contenitore riescono a unire tre grandi pregi: naturalit\u00e0, comodit\u00e0 e bellezza. Il loro design \u00e8 elegante e caldo, grazie all\u2019uso del legno. Allo stesso tempo, il contenitore sotto la rete permette di guadagnare spazio","robots":{"index":"index","follow":"follow","max-snippet":"max-snippet:-1","max-image-preview":"max-image-preview:large","max-video-preview":"max-video-preview:-1"},"canonical":"https:\/\/www.viverezen.it\/giornale-bio\/letti-legno-contenitore\/","og_locale":"it_IT","og_type":"article","og_title":"Letti in legno contenitore dal Nord Europa. Qualit\u00e0 e stile - Vivere Zen","og_description":"I letti in legno contenitore riescono a unire tre grandi pregi: naturalit\u00e0, comodit\u00e0 e bellezza. Il loro design \u00e8 elegante e caldo, grazie all\u2019uso del legno. Allo stesso tempo, il contenitore sotto la rete permette di guadagnare spazio","og_url":"https:\/\/www.viverezen.it\/giornale-bio\/letti-legno-contenitore\/","og_site_name":"Vivere Zen","article_author":"https:\/\/www.facebook.com\/VivereZen\/","article_published_time":"2020-09-01T07:30:00+00:00","article_modified_time":"2022-12-29T10:51:01+00:00","og_image":[{"width":950,"height":634,"url":"https:\/\/www.viverezen.it\/giornale-bio\/wp-content\/uploads\/2018\/04\/Letto-in-legno-Spectrum.jpg","type":"image\/jpeg"}],"author":"Redazione VivereZen","twitter_card":"summary_large_image","twitter_misc":{"Scritto da":"Redazione VivereZen","Tempo di lettura stimato":"4 minuti"},"schema":{"@context":"https:\/\/schema.org","@graph":[{"@type":"WebPage","@id":"https:\/\/www.viverezen.it\/giornale-bio\/letti-legno-contenitore\/","url":"https:\/\/www.viverezen.it\/giornale-bio\/letti-legno-contenitore\/","name":"Letti in legno contenitore dal Nord Europa. Qualit\u00e0 e stile - Vivere Zen","isPartOf":{"@id":"https:\/\/www.viverezen.it\/giornale-bio\/#website"},"datePublished":"2020-09-01T07:30:00+00:00","dateModified":"2022-12-29T10:51:01+00:00","author":{"@id":"https:\/\/www.viverezen.it\/giornale-bio\/#\/schema\/person\/9617eea4629b49ad5e59f806fe11d2e1"},"description":"I letti in legno contenitore riescono a unire tre grandi pregi: naturalit\u00e0, comodit\u00e0 e bellezza. Il loro design \u00e8 elegante e caldo, grazie all\u2019uso del legno. Allo stesso tempo, il contenitore sotto la rete permette di guadagnare spazio","breadcrumb":{"@id":"https:\/\/www.viverezen.it\/giornale-bio\/letti-legno-contenitore\/#breadcrumb"},"inLanguage":"it-IT","potentialAction":[{"@type":"ReadAction","target":["https:\/\/www.viverezen.it\/giornale-bio\/letti-legno-contenitore\/"]}]},{"@type":"BreadcrumbList","@id":"https:\/\/www.viverezen.it\/giornale-bio\/letti-legno-contenitore\/#breadcrumb","itemListElement":[{"@type":"ListItem","position":1,"name":"Home","item":"https:\/\/www.viverezen.it\/giornale-bio\/"},{"@type":"ListItem","position":2,"name":"Letti in legno contenitore dal Nord Europa. Qualit\u00e0 e stile"}]},{"@type":"WebSite","@id":"https:\/\/www.viverezen.it\/giornale-bio\/#website","url":"https:\/\/www.viverezen.it\/giornale-bio\/","name":"Vivere Zen","description":"Lo Zen e l&#039;arte di arredare","potentialAction":[{"@type":"SearchAction","target":{"@type":"EntryPoint","urlTemplate":"https:\/\/www.viverezen.it\/giornale-bio\/?s={search_term_string}"},"query-input":"required name=search_term_string"}],"inLanguage":"it-IT"},{"@type":"Person","@id":"https:\/\/www.viverezen.it\/giornale-bio\/#\/schema\/person\/9617eea4629b49ad5e59f806fe11d2e1","name":"Redazione VivereZen","image":{"@type":"ImageObject","inLanguage":"it-IT","@id":"https:\/\/www.viverezen.it\/giornale-bio\/#\/schema\/person\/image\/","url":"https:\/\/www.viverezen.it\/giornale-bio\/wp-content\/uploads\/2020\/02\/vz-logo-tondo-150x150.jpg","contentUrl":"https:\/\/www.viverezen.it\/giornale-bio\/wp-content\/uploads\/2020\/02\/vz-logo-tondo-150x150.jpg","caption":"Redazione VivereZen"},"description":"Manifattura e qualit\u00e0 italiana in stile orientale. Bio Zen per noi significa rispetto dell'intero ciclo di produzione e consumo. Coltivazioni Bio o di provenienza controllata delle materie prime, rispetto del lavoro, economia Italiana, importazione da Circuiti Etici o Verificati, rispetto del risparmio del cliente, no materiali tossici durante la produzione, biodegradabilit\u00e0, tra le nostre linee guida. Vieni a trovarci su Viverezen.it!","sameAs":["http:\/\/www.viverezen.it","https:\/\/www.facebook.com\/VivereZen\/"],"url":"https:\/\/www.viverezen.it\/giornale-bio\/author\/redazione-viverezen\/"}]}},"_links":{"self":[{"href":"https:\/\/www.viverezen.it\/giornale-bio\/wp-json\/wp\/v2\/posts\/3589"}],"collection":[{"href":"https:\/\/www.viverezen.it\/giornale-bio\/wp-json\/wp\/v2\/posts"}],"about":[{"href":"https:\/\/www.viverezen.it\/giornale-bio\/wp-json\/wp\/v2\/types\/post"}],"author":[{"embeddable":true,"href":"https:\/\/www.viverezen.it\/giornale-bio\/wp-json\/wp\/v2\/users\/3"}],"replies":[{"embeddable":true,"href":"https:\/\/www.viverezen.it\/giornale-bio\/wp-json\/wp\/v2\/comments?post=3589"}],"version-history":[{"count":21,"href":"https:\/\/www.viverezen.it\/giornale-bio\/wp-json\/wp\/v2\/posts\/3589\/revisions"}],"predecessor-version":[{"id":4628,"href":"https:\/\/www.viverezen.it\/giornale-bio\/wp-json\/wp\/v2\/posts\/3589\/revisions\/4628"}],"wp:featuredmedia":[{"embeddable":true,"href":"https:\/\/www.viverezen.it\/giornale-bio\/wp-json\/wp\/v2\/media\/3593"}],"wp:attachment":[{"href":"https:\/\/www.viverezen.it\/giornale-bio\/wp-json\/wp\/v2\/media?parent=3589"}],"wp:term":[{"taxonomy":"category","embeddable":true,"href":"https:\/\/www.viverezen.it\/giornale-bio\/wp-json\/wp\/v2\/categories?post=3589"},{"taxonomy":"post_tag","embeddable":true,"href":"https:\/\/www.viverezen.it\/giornale-bio\/wp-json\/wp\/v2\/tags?post=3589"}],"curies":[{"name":"wp","href":"https:\/\/api.w.org\/{rel}","templated":true}]}}