{"id":4470,"date":"2020-10-23T10:28:24","date_gmt":"2020-10-23T08:28:24","guid":{"rendered":"https:\/\/www.viverezen.it\/giornale-bio\/?p=4470"},"modified":"2022-12-29T11:47:56","modified_gmt":"2022-12-29T10:47:56","slug":"arredamento-interior-color-design-e-studio-dei-colori","status":"publish","type":"post","link":"https:\/\/www.viverezen.it\/giornale-bio\/arredamento-interior-color-design-e-studio-dei-colori\/","title":{"rendered":"Arredamento, Interior Color Design e studio dei colori"},"content":{"rendered":"\n<p>Le nuance e i materiali che costituiscono l\u2019arredamento dei nostri spazi quotidiani sono due strumenti efficaci che hanno effetti diretti e indiretti sulla nostra psiche. Vediamoli pi\u00f9 da vicino, in modo da capire quanto siano importanti nell\u2019arredamento dei nostri ambienti e quanto possano influire sul nostro stato generale di benessere e di salute.<\/p>\n\n\n\n<p>Se sei interessato all&#8217;Interior Color Design leggi anche: <a href=\"https:\/\/www.viverezen.it\/giornale-bio\/il-benessere-attraverso-larredo-di-casa-tua-grazie-all-interior-design\/\"><strong>Il benessere attraverso l\u2019arredo di casa tua grazie all&#8217;interior color design.<\/strong><\/a><\/p>\n\n\n\n<h2 class=\"wp-block-heading\"><strong>Cosa sono i colori<\/strong>?<\/h2>\n\n\n\n<figure class=\"wp-block-image size-large\"><img decoding=\"async\" loading=\"lazy\" width=\"640\" height=\"640\" src=\"https:\/\/www.viverezen.it\/giornale-bio\/wp-content\/uploads\/2020\/10\/organic-cotton-linen-1.jpg\" alt=\"\" class=\"wp-image-4472\" srcset=\"https:\/\/www.viverezen.it\/giornale-bio\/wp-content\/uploads\/2020\/10\/organic-cotton-linen-1.jpg 640w, https:\/\/www.viverezen.it\/giornale-bio\/wp-content\/uploads\/2020\/10\/organic-cotton-linen-1-300x300.jpg 300w, https:\/\/www.viverezen.it\/giornale-bio\/wp-content\/uploads\/2020\/10\/organic-cotton-linen-1-150x150.jpg 150w\" sizes=\"(max-width: 640px) 100vw, 640px\" \/><\/figure>\n\n\n\n<p>Nell\u2019ambito della fisica i colori vengono definiti come radiazioni elettromagnetiche che le superfici assorbono o respingono in misura diversa. L\u2019occhio umano \u00e8 in grado di percepire una minima parte delle onde luminose esistenti in natura, che vanno a formare i colori dello spettro: il rosso, l\u2019arancio, il giallo, il verde, l\u2019azzurro, l\u2019indaco e il violetto. Un limone non \u00e8 fondamentalmente giallo. In altre parole, il giallo non \u00e8 una caratteristica incorporata di un limone. Appare giallo perch\u00e9 assorbe la luce blu e riflette una miscela di luce rossa e verde.<\/p>\n\n\n\n<p>Per migliaia di anni, questo tema ha affascinato artisti e scienziati allo stesso modo. Verso la fine del mille e seicento, <strong>Isaac Newton intu\u00ec <\/strong>che la luce era composta da raggi colorati, ciascuno con un diverso angolo di rifrazione. Adoperando di un prisma di vetro triangolare, prov\u00f2 che la luce bianca dei raggi solari si scompone nei sette tonidello spettro. Lo scienziato inglese identificava il colore come una propriet\u00e0 della luce.<\/p>\n\n\n\n<p>Johann Wolfgang Von Goethe, il poeta e scrittore tedesco, nel suo trattato \u201cTeoria dei colori\u201d del 1810 ha messo in discussione la teoria di Newton sul colore come qualit\u00e0 oggettiva della luce, sottolineando invece che noi percepiamo ed elaboriamo le tonalit\u00e0 in modo soggettivo. Goethe fu il primo ad avere intuito gli aspetti psicologici che le varie tinte hanno sulla psiche umana.<\/p>\n\n\n\n<p>Comprendendo come percepiamo le diverse gradazioni e il rapporto che c\u2019\u00e8 tra colore, illuminazione e spazio fisico si \u00e8 in grado di rendere ogni stanza funzionale e invitante, evitando costosi errori di progettazione e creando ambienti visivamente ed emotivamente attraenti.<\/p>\n\n\n\n<h2 class=\"wp-block-heading\"><strong>Come percepiamo il colore<\/strong><\/h2>\n\n\n\n<p>Un fatto curioso \u00e8 che il colore ci sembra molto reale, ma in realt\u00e0 \u00e8, come aveva intuito Goethe, un fenomeno soggettivo che si verifica nel nostro cervello. La sua percezione quindi \u00e8 altamente soggettiva e il modo in cui il nostro cervello percepisce le diverse tinte \u00e8 influenzato da una serie di fattori, come le propriet\u00e0 intrinseche di un oggetto, la presenza della luce, la nostra genetica, la nostra specie e persino la nostra et\u00e0.<\/p>\n\n\n\n<p>L&#8217;impatto psicologico di un colore varia quindi da persona a persona in base anche a cultura, area geografica, religione e esperienza personale. Ognuno di noi ha i suoi colori preferiti, e per esempio molte regioni del Sud America utilizzano nei loro tessuti e nell\u2019arredamento toni molto accesi come il rosso, il giallo, arancione, verde e blu, mentre il design scandinavo \u00e8 noto per la creazione di interni semplici e luminosi, con gradazioni tendenti al chiaro per alleggerire e creare un senso di pulizia.<\/p>\n\n\n\n<p>Poich\u00e9 il cervello \u00e8 coinvolto, un colore non pu\u00f2 mai essere fisso o immutabile. Probabilmente vi siete spesso accorti che la vernice delle pareti durante il giorno sembra cambiare o che appare diversa nel corridoio rispetto al soggiorno. Questo accade a causa di fattori che influenzano la nostra percezione, come l&#8217;illuminazione o i materiali.<\/p>\n\n\n\n<p>I colori per\u00f2 non sono solo un fenomeno fisico. Secondo lo psicoterapeuta, sociologo e filosofo svizzero Max Luscher, parlano il \u201clinguaggio simbolico dell\u2019inconscio\u201d. I colori danno precise informazioni sulla propria personalit\u00e0: i bisogni, desideri, emozioni e paure.<\/p>\n\n\n\n<h2 class=\"wp-block-heading\"><strong>Illuminazione e Materiali<\/strong><\/h2>\n\n\n\n<div class=\"wp-block-image\"><figure class=\"alignleft size-large is-resized\"><img decoding=\"async\" loading=\"lazy\" src=\"https:\/\/www.viverezen.it\/giornale-bio\/wp-content\/uploads\/2020\/10\/benessere-viverezen-1.jpg\" alt=\"\" class=\"wp-image-4473\" width=\"332\" height=\"221\" srcset=\"https:\/\/www.viverezen.it\/giornale-bio\/wp-content\/uploads\/2020\/10\/benessere-viverezen-1.jpg 480w, https:\/\/www.viverezen.it\/giornale-bio\/wp-content\/uploads\/2020\/10\/benessere-viverezen-1-300x200.jpg 300w\" sizes=\"(max-width: 332px) 100vw, 332px\" \/><\/figure><\/div>\n\n\n\n<p>La qualit\u00e0 e il tipo di luce (naturale o artificiale) influisce sulla nostra percezione delle tonalit\u00e0. Ad esempio, una lampadina arancione emette un bagliore arancione in tutta la stanza. Questo fa che gli oggetti nella stanza riflettano l\u2019arancio pi\u00f9 di quanto farebbero normalmente, modificando la nostra percezione dell\u2019intero ambiente.<\/p>\n\n\n\n<p>La qualit\u00e0 della luce naturale \u00e8 influenzata dalla direzione cardinale delle finestre di una stanza, ovvero dal fatto che siano rivolte verso il lato nord, est, sud o ovest. La luce proveniente da nord \u00e8 fredda e blu, il che fa apparire gli ambienti leggermente pi\u00f9 scuri e smorzati del normale. Quando si progetta una stanza esposta a nord si deve prendere in considerazione la scelta di toni luminosi e altamente saturi che non siano facilmente lavati via.<\/p>\n\n\n\n<p>Il materiale \u00e8 un altro fattore che influisce sulla nostra percezione perch\u00e9 modifico il modo in cui un oggetto riflette e assorbe la luce. Ad esempio, la seta, il raso e il metallo riflettono una grande quantit\u00e0 di luce facendo sembrare le nuance pi\u00f9 luminose e leggere. La lana invece assorbe la luce e fa apparire le varie gradazioni leggermente pi\u00f9 scure e attenuate di quanto farebbero normalmente.<\/p>\n\n\n\n<p><em>Manjola per Vivere Zen<\/em><\/p>\n\n\n\n<div style=\"height:28px\" aria-hidden=\"true\" class=\"wp-block-spacer\"><\/div>\n\n\n\n<div class=\"wp-block-buttons is-layout-flex\">\n<div class=\"wp-block-button is-style-outline\"><a class=\"wp-block-button__link has-white-background-color has-text-color has-background\" href=\"https:\/\/www.viverezen.it\/consulenze-interior-color-design.chtm\" style=\"color:#627b56\">Scopri il servizio di consulenza di Interior Color Design offerto da Vivere Zen.<\/a><\/div>\n<\/div>\n\n\n\n<p><\/p>\n","protected":false},"excerpt":{"rendered":"<p>Le nuance e i materiali che costituiscono l\u2019arredamento dei nostri spazi quotidiani sono due strumenti efficaci che hanno effetti diretti e indiretti sulla nostra psiche. Vediamoli pi\u00f9 da vicino, in modo da capire quanto siano importanti nell\u2019arredamento dei nostri ambienti e quanto possano influire sul nostro stato generale di benessere e di salute. Se sei [&hellip;]<\/p>\n","protected":false},"author":5,"featured_media":4478,"comment_status":"closed","ping_status":"closed","sticky":false,"template":"","format":"standard","meta":[],"categories":[6],"tags":[104,132,130,131,133,129],"yoast_head":"<!-- This site is optimized with the Yoast SEO plugin v21.8.1 - https:\/\/yoast.com\/wordpress\/plugins\/seo\/ -->\r\n<title>Arredamento, Interior Color Design e studio dei colori - Vivere Zen<\/title>\r\n<meta name=\"description\" content=\"Le nuance e i materiali che costituiscono l\u2019arredamento dei nostri spazi quotidiani sono due strumenti efficaci che hanno effetti diretti e indiretti sulla nostra psiche. Vediamoli pi\u00f9 da vicino, in modo da capire quanto siano importanti nell\u2019arredamento dei nostri ambienti e quanto possano influire sul nostro stato generale di benessere e di salute.\" \/>\r\n<meta name=\"robots\" content=\"index, follow, max-snippet:-1, max-image-preview:large, max-video-preview:-1\" \/>\r\n<link rel=\"canonical\" href=\"https:\/\/www.viverezen.it\/giornale-bio\/arredamento-interior-color-design-e-studio-dei-colori\/\" \/>\r\n<meta property=\"og:locale\" content=\"it_IT\" \/>\r\n<meta property=\"og:type\" content=\"article\" \/>\r\n<meta property=\"og:title\" content=\"Arredamento, Interior Color Design e studio dei colori\" \/>\r\n<meta property=\"og:description\" content=\"Le nuance e i materiali che costituiscono l\u2019arredamento dei nostri spazi quotidiani sono due strumenti efficaci che hanno effetti diretti e indiretti sulla nostra psiche. Vediamoli pi\u00f9 da vicino, in modo da capire quanto siano importanti nell\u2019arredamento dei nostri ambienti e quanto possano influire sul nostro stato generale di benessere e di salute.\" \/>\r\n<meta property=\"og:url\" content=\"https:\/\/www.viverezen.it\/giornale-bio\/arredamento-interior-color-design-e-studio-dei-colori\/\" \/>\r\n<meta property=\"og:site_name\" content=\"Vivere Zen\" \/>\r\n<meta property=\"article:published_time\" content=\"2020-10-23T08:28:24+00:00\" \/>\r\n<meta property=\"article:modified_time\" content=\"2022-12-29T10:47:56+00:00\" \/>\r\n<meta property=\"og:image\" content=\"https:\/\/www.viverezen.it\/giornale-bio\/wp-content\/uploads\/2020\/10\/camera-illuminata.png\" \/>\r\n\t<meta property=\"og:image:width\" content=\"902\" \/>\r\n\t<meta property=\"og:image:height\" content=\"603\" \/>\r\n\t<meta property=\"og:image:type\" content=\"image\/png\" \/>\r\n<meta name=\"author\" content=\"Manjola\" \/>\r\n<meta name=\"twitter:card\" content=\"summary_large_image\" \/>\r\n<meta name=\"twitter:title\" content=\"Arredamento, Interior Color Design e studio dei colori\" \/>\r\n<meta name=\"twitter:description\" content=\"Le nuance e i materiali che costituiscono l\u2019arredamento dei nostri spazi quotidiani sono due strumenti efficaci che hanno effetti diretti e indiretti sulla nostra psiche. Vediamoli pi\u00f9 da vicino, in modo da capire quanto siano importanti nell\u2019arredamento dei nostri ambienti e quanto possano influire sul nostro stato generale di benessere e di salute.\" \/>\r\n<meta name=\"twitter:image\" content=\"https:\/\/www.viverezen.it\/giornale-bio\/wp-content\/uploads\/2020\/10\/camera-illuminata.png\" \/>\r\n<meta name=\"twitter:label1\" content=\"Scritto da\" \/>\n\t<meta name=\"twitter:data1\" content=\"Manjola\" \/>\n\t<meta name=\"twitter:label2\" content=\"Tempo di lettura stimato\" \/>\n\t<meta name=\"twitter:data2\" content=\"4 minuti\" \/>\r\n<script type=\"application\/ld+json\" class=\"yoast-schema-graph\">{\"@context\":\"https:\/\/schema.org\",\"@graph\":[{\"@type\":\"WebPage\",\"@id\":\"https:\/\/www.viverezen.it\/giornale-bio\/arredamento-interior-color-design-e-studio-dei-colori\/\",\"url\":\"https:\/\/www.viverezen.it\/giornale-bio\/arredamento-interior-color-design-e-studio-dei-colori\/\",\"name\":\"Arredamento, Interior Color Design e studio dei colori - Vivere Zen\",\"isPartOf\":{\"@id\":\"https:\/\/www.viverezen.it\/giornale-bio\/#website\"},\"datePublished\":\"2020-10-23T08:28:24+00:00\",\"dateModified\":\"2022-12-29T10:47:56+00:00\",\"author\":{\"@id\":\"https:\/\/www.viverezen.it\/giornale-bio\/#\/schema\/person\/ba9d576ac9881f2debd28be40ca8fd53\"},\"description\":\"Le nuance e i materiali che costituiscono l\u2019arredamento dei nostri spazi quotidiani sono due strumenti efficaci che hanno effetti diretti e indiretti sulla nostra psiche. Vediamoli pi\u00f9 da vicino, in modo da capire quanto siano importanti nell\u2019arredamento dei nostri ambienti e quanto possano influire sul nostro stato generale di benessere e di salute.\",\"breadcrumb\":{\"@id\":\"https:\/\/www.viverezen.it\/giornale-bio\/arredamento-interior-color-design-e-studio-dei-colori\/#breadcrumb\"},\"inLanguage\":\"it-IT\",\"potentialAction\":[{\"@type\":\"ReadAction\",\"target\":[\"https:\/\/www.viverezen.it\/giornale-bio\/arredamento-interior-color-design-e-studio-dei-colori\/\"]}]},{\"@type\":\"BreadcrumbList\",\"@id\":\"https:\/\/www.viverezen.it\/giornale-bio\/arredamento-interior-color-design-e-studio-dei-colori\/#breadcrumb\",\"itemListElement\":[{\"@type\":\"ListItem\",\"position\":1,\"name\":\"Home\",\"item\":\"https:\/\/www.viverezen.it\/giornale-bio\/\"},{\"@type\":\"ListItem\",\"position\":2,\"name\":\"Arredamento, Interior Color Design e studio dei colori\"}]},{\"@type\":\"WebSite\",\"@id\":\"https:\/\/www.viverezen.it\/giornale-bio\/#website\",\"url\":\"https:\/\/www.viverezen.it\/giornale-bio\/\",\"name\":\"Vivere Zen\",\"description\":\"Lo Zen e l&#039;arte di arredare\",\"potentialAction\":[{\"@type\":\"SearchAction\",\"target\":{\"@type\":\"EntryPoint\",\"urlTemplate\":\"https:\/\/www.viverezen.it\/giornale-bio\/?s={search_term_string}\"},\"query-input\":\"required name=search_term_string\"}],\"inLanguage\":\"it-IT\"},{\"@type\":\"Person\",\"@id\":\"https:\/\/www.viverezen.it\/giornale-bio\/#\/schema\/person\/ba9d576ac9881f2debd28be40ca8fd53\",\"name\":\"Manjola\",\"image\":{\"@type\":\"ImageObject\",\"inLanguage\":\"it-IT\",\"@id\":\"https:\/\/www.viverezen.it\/giornale-bio\/#\/schema\/person\/image\/\",\"url\":\"https:\/\/www.viverezen.it\/giornale-bio\/wp-content\/uploads\/2020\/11\/colorconsulting-150x150.png\",\"contentUrl\":\"https:\/\/www.viverezen.it\/giornale-bio\/wp-content\/uploads\/2020\/11\/colorconsulting-150x150.png\",\"caption\":\"Manjola\"},\"description\":\"Sin dall'inizio del suo percorso formativo, ha fatto in modo di coniugare la passione per l\u2019arredamento ad un concetto olistico nella realizzazione di ambienti confortevoli in ambito residenziale. Laureata con lode in architettura. Dopo la qualifica di professionista internazionale di Interior Color Design e Feng Shui ha cominciato l\u2019attivit\u00e0 di consulenza focalizzandosi sul principio di armonia ed equilibrio tra l\u2019individuo e il suo spazio quotidiano, creando ambienti evocativi che contribuiscono al benessere e alla felicit\u00e0.\",\"url\":\"https:\/\/www.viverezen.it\/giornale-bio\/author\/manjola\/\"}]}<\/script>\r\n<!-- \/ Yoast SEO plugin. -->","yoast_head_json":{"title":"Arredamento, Interior Color Design e studio dei colori - Vivere Zen","description":"Le nuance e i materiali che costituiscono l\u2019arredamento dei nostri spazi quotidiani sono due strumenti efficaci che hanno effetti diretti e indiretti sulla nostra psiche. Vediamoli pi\u00f9 da vicino, in modo da capire quanto siano importanti nell\u2019arredamento dei nostri ambienti e quanto possano influire sul nostro stato generale di benessere e di salute.","robots":{"index":"index","follow":"follow","max-snippet":"max-snippet:-1","max-image-preview":"max-image-preview:large","max-video-preview":"max-video-preview:-1"},"canonical":"https:\/\/www.viverezen.it\/giornale-bio\/arredamento-interior-color-design-e-studio-dei-colori\/","og_locale":"it_IT","og_type":"article","og_title":"Arredamento, Interior Color Design e studio dei colori","og_description":"Le nuance e i materiali che costituiscono l\u2019arredamento dei nostri spazi quotidiani sono due strumenti efficaci che hanno effetti diretti e indiretti sulla nostra psiche. Vediamoli pi\u00f9 da vicino, in modo da capire quanto siano importanti nell\u2019arredamento dei nostri ambienti e quanto possano influire sul nostro stato generale di benessere e di salute.","og_url":"https:\/\/www.viverezen.it\/giornale-bio\/arredamento-interior-color-design-e-studio-dei-colori\/","og_site_name":"Vivere Zen","article_published_time":"2020-10-23T08:28:24+00:00","article_modified_time":"2022-12-29T10:47:56+00:00","og_image":[{"width":902,"height":603,"url":"https:\/\/www.viverezen.it\/giornale-bio\/wp-content\/uploads\/2020\/10\/camera-illuminata.png","type":"image\/png"}],"author":"Manjola","twitter_card":"summary_large_image","twitter_title":"Arredamento, Interior Color Design e studio dei colori","twitter_description":"Le nuance e i materiali che costituiscono l\u2019arredamento dei nostri spazi quotidiani sono due strumenti efficaci che hanno effetti diretti e indiretti sulla nostra psiche. Vediamoli pi\u00f9 da vicino, in modo da capire quanto siano importanti nell\u2019arredamento dei nostri ambienti e quanto possano influire sul nostro stato generale di benessere e di salute.","twitter_image":"https:\/\/www.viverezen.it\/giornale-bio\/wp-content\/uploads\/2020\/10\/camera-illuminata.png","twitter_misc":{"Scritto da":"Manjola","Tempo di lettura stimato":"4 minuti"},"schema":{"@context":"https:\/\/schema.org","@graph":[{"@type":"WebPage","@id":"https:\/\/www.viverezen.it\/giornale-bio\/arredamento-interior-color-design-e-studio-dei-colori\/","url":"https:\/\/www.viverezen.it\/giornale-bio\/arredamento-interior-color-design-e-studio-dei-colori\/","name":"Arredamento, Interior Color Design e studio dei colori - Vivere Zen","isPartOf":{"@id":"https:\/\/www.viverezen.it\/giornale-bio\/#website"},"datePublished":"2020-10-23T08:28:24+00:00","dateModified":"2022-12-29T10:47:56+00:00","author":{"@id":"https:\/\/www.viverezen.it\/giornale-bio\/#\/schema\/person\/ba9d576ac9881f2debd28be40ca8fd53"},"description":"Le nuance e i materiali che costituiscono l\u2019arredamento dei nostri spazi quotidiani sono due strumenti efficaci che hanno effetti diretti e indiretti sulla nostra psiche. Vediamoli pi\u00f9 da vicino, in modo da capire quanto siano importanti nell\u2019arredamento dei nostri ambienti e quanto possano influire sul nostro stato generale di benessere e di salute.","breadcrumb":{"@id":"https:\/\/www.viverezen.it\/giornale-bio\/arredamento-interior-color-design-e-studio-dei-colori\/#breadcrumb"},"inLanguage":"it-IT","potentialAction":[{"@type":"ReadAction","target":["https:\/\/www.viverezen.it\/giornale-bio\/arredamento-interior-color-design-e-studio-dei-colori\/"]}]},{"@type":"BreadcrumbList","@id":"https:\/\/www.viverezen.it\/giornale-bio\/arredamento-interior-color-design-e-studio-dei-colori\/#breadcrumb","itemListElement":[{"@type":"ListItem","position":1,"name":"Home","item":"https:\/\/www.viverezen.it\/giornale-bio\/"},{"@type":"ListItem","position":2,"name":"Arredamento, Interior Color Design e studio dei colori"}]},{"@type":"WebSite","@id":"https:\/\/www.viverezen.it\/giornale-bio\/#website","url":"https:\/\/www.viverezen.it\/giornale-bio\/","name":"Vivere Zen","description":"Lo Zen e l&#039;arte di arredare","potentialAction":[{"@type":"SearchAction","target":{"@type":"EntryPoint","urlTemplate":"https:\/\/www.viverezen.it\/giornale-bio\/?s={search_term_string}"},"query-input":"required name=search_term_string"}],"inLanguage":"it-IT"},{"@type":"Person","@id":"https:\/\/www.viverezen.it\/giornale-bio\/#\/schema\/person\/ba9d576ac9881f2debd28be40ca8fd53","name":"Manjola","image":{"@type":"ImageObject","inLanguage":"it-IT","@id":"https:\/\/www.viverezen.it\/giornale-bio\/#\/schema\/person\/image\/","url":"https:\/\/www.viverezen.it\/giornale-bio\/wp-content\/uploads\/2020\/11\/colorconsulting-150x150.png","contentUrl":"https:\/\/www.viverezen.it\/giornale-bio\/wp-content\/uploads\/2020\/11\/colorconsulting-150x150.png","caption":"Manjola"},"description":"Sin dall'inizio del suo percorso formativo, ha fatto in modo di coniugare la passione per l\u2019arredamento ad un concetto olistico nella realizzazione di ambienti confortevoli in ambito residenziale. Laureata con lode in architettura. Dopo la qualifica di professionista internazionale di Interior Color Design e Feng Shui ha cominciato l\u2019attivit\u00e0 di consulenza focalizzandosi sul principio di armonia ed equilibrio tra l\u2019individuo e il suo spazio quotidiano, creando ambienti evocativi che contribuiscono al benessere e alla felicit\u00e0.","url":"https:\/\/www.viverezen.it\/giornale-bio\/author\/manjola\/"}]}},"_links":{"self":[{"href":"https:\/\/www.viverezen.it\/giornale-bio\/wp-json\/wp\/v2\/posts\/4470"}],"collection":[{"href":"https:\/\/www.viverezen.it\/giornale-bio\/wp-json\/wp\/v2\/posts"}],"about":[{"href":"https:\/\/www.viverezen.it\/giornale-bio\/wp-json\/wp\/v2\/types\/post"}],"author":[{"embeddable":true,"href":"https:\/\/www.viverezen.it\/giornale-bio\/wp-json\/wp\/v2\/users\/5"}],"replies":[{"embeddable":true,"href":"https:\/\/www.viverezen.it\/giornale-bio\/wp-json\/wp\/v2\/comments?post=4470"}],"version-history":[{"count":9,"href":"https:\/\/www.viverezen.it\/giornale-bio\/wp-json\/wp\/v2\/posts\/4470\/revisions"}],"predecessor-version":[{"id":4550,"href":"https:\/\/www.viverezen.it\/giornale-bio\/wp-json\/wp\/v2\/posts\/4470\/revisions\/4550"}],"wp:featuredmedia":[{"embeddable":true,"href":"https:\/\/www.viverezen.it\/giornale-bio\/wp-json\/wp\/v2\/media\/4478"}],"wp:attachment":[{"href":"https:\/\/www.viverezen.it\/giornale-bio\/wp-json\/wp\/v2\/media?parent=4470"}],"wp:term":[{"taxonomy":"category","embeddable":true,"href":"https:\/\/www.viverezen.it\/giornale-bio\/wp-json\/wp\/v2\/categories?post=4470"},{"taxonomy":"post_tag","embeddable":true,"href":"https:\/\/www.viverezen.it\/giornale-bio\/wp-json\/wp\/v2\/tags?post=4470"}],"curies":[{"name":"wp","href":"https:\/\/api.w.org\/{rel}","templated":true}]}}