{"id":4610,"date":"2020-12-10T11:02:47","date_gmt":"2020-12-10T10:02:47","guid":{"rendered":"https:\/\/www.viverezen.it\/giornale-bio\/?p=4610"},"modified":"2022-12-29T11:47:54","modified_gmt":"2022-12-29T10:47:54","slug":"un-natale-ricco-di-colori-e-personalita","status":"publish","type":"post","link":"https:\/\/www.viverezen.it\/giornale-bio\/un-natale-ricco-di-colori-e-personalita\/","title":{"rendered":"Un Natale ricco di colori e personalit\u00e0"},"content":{"rendered":"\n<p>Il Natale \u00e8 alle porte ed \u00e8 arrivato il momento di iniziare a decorare la casa per creare un clima festoso e gioioso. Siete ancora indecisi e in cerca di ispirazione?<\/p>\n\n\n\n<p>Ecco come rendere accogliente un ambiente e creare la giusta atmosfera natalizia attraverso i colori, i materiali e l\u2019illuminazione.<\/p>\n\n\n\n<p>L\u2019albero \u00e8 il protagonista indiscusso degli addobbi natalizi, ma per creare un ambiente armonico bisogna pensare anche a ghirlande, centritavola, luci, candele, cuscini e plaid a tema, profumi e tutto il necessario per creare un ambiente completo.<\/p>\n\n\n\n<p>Possiamo prendere ispirazione dai colori della stagione invernale e dei suoi frutti, oppure ricreare la magia dei colori delle regioni nordiche, o ancora scegliere uno stile casual e \u201cgreen\u201d, le varie sfumature e lucentezze dei colori pi\u00f9 femminili e infine optare per il classico e tradizionale oro, per donare alla casa un tocco glamour ed elegante.<\/p>\n\n\n\n<h2 class=\"wp-block-heading\"><strong>Ispirazione dai colori della stagione<\/strong><\/h2>\n\n\n\n<p>La stagione invernale \u00e8 appena iniziata e i suoi frutti sono tantissimi, circondandoci con i loro vividi colori: l\u2019arancione delle arance, dei pompelmi, dei mandarini e dei cachi, il verde dei bergamotti e delle mele, il rosso dei melograni, senza dimenticare le calde sfumature dei marroni di castagne, noci, mandorle e pistacchi.<\/p>\n\n\n\n<h3 class=\"wp-block-heading\"><strong><em>L\u2019arancio per un\u2019atmosfera friendly e accogliente<\/em><\/strong><\/h3>\n\n\n\n<p>L\u2019arancione \u00e8 tra i colori che meglio esprime la gioia, la positivit\u00e0 e l\u2019allegria. \u00c8 un colore perfetto per creare un\u2019atmosfera accogliente e friendly e va benissimo per gli ambienti rustici e di campagna, ma anche nelle case pu\u00f2 donare una carica di energia, cancellando i grigiori dell\u2019esterno. Questa tinta si abbina perfettamente con i marroni scuri dei mobili in legno, oppure con le tinte pi\u00f9 chiare e neutre.<\/p>\n\n\n\n<p>Tramite l\u2019uso di arance, limoni e bergamotti sar\u00e0 possibile realizzare anche delle bellissime ghirlande fai da te da appendere in vari angoli della casa. Per un centro tavola ricco, scegliete elementi naturali come le pigne, rametti di pino, foglie e aggiungete limoni, arance e bastoncini di cannella, che rilasceranno nell\u2019ambiente anche il loro aroma speziato.<\/p>\n\n\n\n<p>I colori pi\u00f9 adatti da abbinare all\u2019arancione saranno il verde e il giallo. Non dimenticare luci calde e candele, un must per creare subito un\u2019atmosfera intima ed avvolgente, ma allo stesso tempo ricca, che richiama l\u2019abbondanza e la prosperit\u00e0: proprio le arance sono infatti simbolo di ricchezza. Con questo tema potete dare libero sfogo anche alla vostra passione del fai da te e divertirvi a creare addobbi di grande fantasia.<\/p>\n\n\n\n<div class=\"wp-block-image\"><figure class=\"aligncenter size-large\"><img decoding=\"async\" loading=\"lazy\" width=\"1000\" height=\"506\" src=\"https:\/\/www.viverezen.it\/giornale-bio\/wp-content\/uploads\/2020\/12\/atmosfera-friendly.jpg\" alt=\"\" class=\"wp-image-4611\" srcset=\"https:\/\/www.viverezen.it\/giornale-bio\/wp-content\/uploads\/2020\/12\/atmosfera-friendly.jpg 1000w, https:\/\/www.viverezen.it\/giornale-bio\/wp-content\/uploads\/2020\/12\/atmosfera-friendly-300x152.jpg 300w, https:\/\/www.viverezen.it\/giornale-bio\/wp-content\/uploads\/2020\/12\/atmosfera-friendly-768x389.jpg 768w, https:\/\/www.viverezen.it\/giornale-bio\/wp-content\/uploads\/2020\/12\/atmosfera-friendly-620x315.jpg 620w\" sizes=\"(max-width: 1000px) 100vw, 1000px\" \/><\/figure><\/div>\n\n\n\n<div style=\"height:48px\" aria-hidden=\"true\" class=\"wp-block-spacer\"><\/div>\n\n\n\n<h3 class=\"wp-block-heading\"><strong><em>Rosso melograno per un\u2019atmosfera ricca ed elegante<\/em><\/strong><\/h3>\n\n\n\n<p>Un altro colore intenso e brillante e adatto agli addobbi natalizi \u00e8 il rosso del melograno, un altro frutto tipico invernare, simbolo di abbondanza e fertilit\u00e0. Le sue meravigliose sfumature che vanno dal rosa ad un rosso porpora sono molto utilizzate negli arredamenti perch\u00e9 conferiscono un\u2019eleganza senza tempo. Rossi sono i tessuti pregiati come il velluto adoperato per tende, divani e poltrone.<\/p>\n\n\n\n<p>Volete scoprire come usarlo e abbinarlo per il tema natalizio? Per un look ricercato ed elegante abbinatelo a dei colori pastello come il rosa e il pesca, da inserire attraverso cuscini da posare sul divano preferibilmente chiaro e per gli addobbi sull\u2018albero. Per completare potete realizzare un suggestivo centro tavola con dei melograni e una elegantissima <em>mise en place<\/em>, alternando le tovaglie e tovaglioli ai colori bianchi dei piatti e bicchieri in cristallo. Per un\u2019atmosfera pi\u00f9 sontuosa potete inserire anche qualche elemento oro o argento e posizionare delle piantane negli angoli della stanza, che illumineranno l\u2019ambiente ravvivando i colori caldi del melograno.<\/p>\n\n\n\n<div class=\"wp-block-image\"><figure class=\"aligncenter size-large\"><img decoding=\"async\" loading=\"lazy\" width=\"1000\" height=\"797\" src=\"https:\/\/www.viverezen.it\/giornale-bio\/wp-content\/uploads\/2020\/12\/rosso-melograno-1.jpg\" alt=\"\" class=\"wp-image-4613\" srcset=\"https:\/\/www.viverezen.it\/giornale-bio\/wp-content\/uploads\/2020\/12\/rosso-melograno-1.jpg 1000w, https:\/\/www.viverezen.it\/giornale-bio\/wp-content\/uploads\/2020\/12\/rosso-melograno-1-300x239.jpg 300w, https:\/\/www.viverezen.it\/giornale-bio\/wp-content\/uploads\/2020\/12\/rosso-melograno-1-768x612.jpg 768w\" sizes=\"(max-width: 1000px) 100vw, 1000px\" \/><\/figure><\/div>\n\n\n\n<div style=\"height:53px\" aria-hidden=\"true\" class=\"wp-block-spacer\"><\/div>\n\n\n\n<h2 class=\"wp-block-heading\"><strong>Un Natale nordico<\/strong><\/h2>\n\n\n\n<p>Le eleganti e riposanti sfumature del blu sono le classiche colorazioni della stagione invernale che ispirano tanto lo stile delle regioni nordiche. Ma non solo, anche quest\u2019anno il blu&nbsp;ritorna di moda, con tante sfumature che vanno dai blu pi\u00f9 intensi alle tinte pastello come il celeste e l\u2019azzurro. Abbinare i blu con l\u2019argento e il bianco contribuir\u00e0 a creare un effetto sofisticato e un\u2019atmosfera suggestiva.<\/p>\n\n\n\n<p>Questo tema \u00e8 perfetto anche per coloro che amano un look total white, da abbinare ad altri colori e materiali per creare un\u2019atmosfera accogliente. Il blu \u00e8 un colore riposante e rifrescante e il bianco crea molta luce e illumina lo spazio, ma entrambi hanno bisogno di essere accostati ad alcuni colori e materiali pi\u00f9 caldi per essere bilanciati e creare un ambiente armonico. L\u2019abbinamento con le tonalit\u00e0 naturali del legno riesce a rendere l\u2019atmosfera pi\u00f9 accogliente e calda. Quindi se avete mobili o il tavolo da pranzo fatto di legno, non copriteli e lasciate che il legno possa esprimere la sua unicit\u00e0 e sprigionare il suo calore. Potete addobbare anche con elementi in legno o materiali che riprendono le sue sfumature, utilizzando per esempio anche il cartone per le confezioni regalo. Un altro aspetto molto importante \u00e8 l\u2019illuminazione che deve essere rigorosamente calda-arancione e non fredda-blu, che aumenterebbe la sensazione di freddo e creerebbe un\u2019atmosfera disturbante e poco accogliente.&nbsp; Arricchite con tessuti morbidi e piacevoli al tatto giocando con varie sfumature di blu, azzurro e turchese e alternate ai colori della terra pi\u00f9 caldi.<\/p>\n\n\n\n<div class=\"wp-block-image\"><figure class=\"aligncenter size-large\"><img decoding=\"async\" loading=\"lazy\" width=\"1000\" height=\"605\" src=\"https:\/\/www.viverezen.it\/giornale-bio\/wp-content\/uploads\/2020\/12\/natale-nordico.jpg\" alt=\"\" class=\"wp-image-4614\" srcset=\"https:\/\/www.viverezen.it\/giornale-bio\/wp-content\/uploads\/2020\/12\/natale-nordico.jpg 1000w, https:\/\/www.viverezen.it\/giornale-bio\/wp-content\/uploads\/2020\/12\/natale-nordico-300x182.jpg 300w, https:\/\/www.viverezen.it\/giornale-bio\/wp-content\/uploads\/2020\/12\/natale-nordico-768x465.jpg 768w\" sizes=\"(max-width: 1000px) 100vw, 1000px\" \/><\/figure><\/div>\n\n\n\n<div style=\"height:50px\" aria-hidden=\"true\" class=\"wp-block-spacer\"><\/div>\n\n\n\n<h2 class=\"wp-block-heading\"><strong>Natale Green<\/strong><\/h2>\n\n\n\n<p>Per un Natale che unica lo stile casual a una sensibilit\u00e0 eco friendly potete scegliere la semplicit\u00e0 dello stile scandinavo. I colori sono quelli della terra e del legno accostati a materiali naturali da utilizzare anche per i tessuti, come plaid in lana e cuscini in cottone biologico di color arancione-ruggine o marroni cioccolato e caff\u00e8. I verdi saranno scuri come un verde bottiglia e l\u2019albero di Natale sar\u00e0 semplice e minimal ma efficace, con luci e addobbi che esprimono la vostra sensibilit\u00e0 e fantasia, magari realizzati a mano e con materiali di riciclo. Un\u2019atmosfera calda per ritrovare s\u00e9 stessi e un luogo dove accogliere gli altri.<\/p>\n\n\n\n<div class=\"wp-block-image\"><figure class=\"aligncenter size-large\"><img decoding=\"async\" loading=\"lazy\" width=\"1000\" height=\"592\" src=\"https:\/\/www.viverezen.it\/giornale-bio\/wp-content\/uploads\/2020\/12\/natale-green.jpg\" alt=\"\" class=\"wp-image-4615\" srcset=\"https:\/\/www.viverezen.it\/giornale-bio\/wp-content\/uploads\/2020\/12\/natale-green.jpg 1000w, https:\/\/www.viverezen.it\/giornale-bio\/wp-content\/uploads\/2020\/12\/natale-green-300x178.jpg 300w, https:\/\/www.viverezen.it\/giornale-bio\/wp-content\/uploads\/2020\/12\/natale-green-768x455.jpg 768w\" sizes=\"(max-width: 1000px) 100vw, 1000px\" \/><\/figure><\/div>\n\n\n\n<div style=\"height:50px\" aria-hidden=\"true\" class=\"wp-block-spacer\"><\/div>\n\n\n\n<h2 class=\"wp-block-heading\"><strong>Natale glamour<\/strong><\/h2>\n\n\n\n<h3 class=\"wp-block-heading\"><strong><em>Rosa <\/em><\/strong><\/h3>\n\n\n\n<p>Per un natale alla moda c\u2019\u00e8 anche il rosa, che con le sue sfumature morbide e chiare conferisce all\u2019ambiente un aspetto femminile, elegante e romantico. Potete scegliere le nuance che pi\u00f9 vi piacciono dal rosa zuccherino ai rosa cipria. Questo colore si abbina in modo splendido con il lilla e il viola, creando sicuramente un\u2019atmosfera originale piena di fascino e di magia.<\/p>\n\n\n\n<div class=\"wp-block-image\"><figure class=\"aligncenter size-large\"><img decoding=\"async\" loading=\"lazy\" width=\"1000\" height=\"537\" src=\"https:\/\/www.viverezen.it\/giornale-bio\/wp-content\/uploads\/2020\/12\/natale-glamour-rosa.jpg\" alt=\"\" class=\"wp-image-4616\" srcset=\"https:\/\/www.viverezen.it\/giornale-bio\/wp-content\/uploads\/2020\/12\/natale-glamour-rosa.jpg 1000w, https:\/\/www.viverezen.it\/giornale-bio\/wp-content\/uploads\/2020\/12\/natale-glamour-rosa-300x161.jpg 300w, https:\/\/www.viverezen.it\/giornale-bio\/wp-content\/uploads\/2020\/12\/natale-glamour-rosa-768x412.jpg 768w\" sizes=\"(max-width: 1000px) 100vw, 1000px\" \/><\/figure><\/div>\n\n\n\n<h3 class=\"wp-block-heading\"><em>Oro<\/em><\/h3>\n\n\n\n<p>L\u2019Oro \u00e8 sempre stato uno dei colori protagonisti del Natale perch\u00e9 \u00e8 classico e chic e conferisce un aspetto ricco e brillante all\u2019ambiente. Una delle combinazioni preferite per il tema natalizio \u00e8 l\u2019abbinamento ai colori della terra, e ad altri metalli, come l\u2019argento. Per la mise en place scegliete di abbinarlo con un bianco lucido per un aspetto elegante e pulito. Decorate il resto della casa con tessuti dalle tonalit\u00e0 che variano dal beige ai marroni rossastri e caldi.\u00a0<\/p>\n\n\n\n<div class=\"wp-block-image\"><figure class=\"aligncenter size-large\"><img decoding=\"async\" loading=\"lazy\" width=\"1000\" height=\"543\" src=\"https:\/\/www.viverezen.it\/giornale-bio\/wp-content\/uploads\/2020\/12\/natale-glamour-oro.jpg\" alt=\"\" class=\"wp-image-4617\" srcset=\"https:\/\/www.viverezen.it\/giornale-bio\/wp-content\/uploads\/2020\/12\/natale-glamour-oro.jpg 1000w, https:\/\/www.viverezen.it\/giornale-bio\/wp-content\/uploads\/2020\/12\/natale-glamour-oro-300x163.jpg 300w, https:\/\/www.viverezen.it\/giornale-bio\/wp-content\/uploads\/2020\/12\/natale-glamour-oro-768x417.jpg 768w\" sizes=\"(max-width: 1000px) 100vw, 1000px\" \/><\/figure><\/div>\n\n\n\n<div class=\"wp-block-buttons aligncenter is-layout-flex\">\n<div class=\"wp-block-button is-style-outline\"><a class=\"wp-block-button__link has-white-background-color has-text-color has-background\" href=\"https:\/\/www.viverezen.it\/consulenze-interior-color-design.chtm\" style=\"color:#627b56\"><strong>Contattaci per una consulenza<\/strong><\/a><\/div>\n<\/div>\n","protected":false},"excerpt":{"rendered":"<p>Il Natale \u00e8 alle porte ed \u00e8 arrivato il momento di iniziare a decorare la casa per creare un clima festoso e gioioso. Siete ancora indecisi e in cerca di ispirazione? Ecco come rendere accogliente un ambiente e creare la giusta atmosfera natalizia attraverso i colori, i materiali e l\u2019illuminazione. L\u2019albero \u00e8 il protagonista indiscusso [&hellip;]<\/p>\n","protected":false},"author":5,"featured_media":4611,"comment_status":"closed","ping_status":"closed","sticky":false,"template":"","format":"standard","meta":[],"categories":[6],"tags":[137,132,130,129,139],"yoast_head":"<!-- This site is optimized with the Yoast SEO plugin v21.8.1 - https:\/\/yoast.com\/wordpress\/plugins\/seo\/ -->\r\n<title>Un Natale ricco di colori e personalit\u00e0 - Vivere Zen<\/title>\r\n<meta name=\"description\" content=\"Il Natale \u00e8 alle porte ed \u00e8 arrivato il momento di iniziare a decorare la casa per creare un clima festoso e gioioso. Siete ancora indecisi e in cerca di ispirazione?Ecco come rendere accogliente un ambiente e creare la giusta atmosfera natalizia attraverso i colori, i materiali e l\u2019illuminazione.\" \/>\r\n<meta name=\"robots\" content=\"index, follow, max-snippet:-1, max-image-preview:large, max-video-preview:-1\" \/>\r\n<link rel=\"canonical\" href=\"https:\/\/www.viverezen.it\/giornale-bio\/un-natale-ricco-di-colori-e-personalita\/\" \/>\r\n<meta property=\"og:locale\" content=\"it_IT\" \/>\r\n<meta property=\"og:type\" content=\"article\" \/>\r\n<meta property=\"og:title\" content=\"Un Natale ricco di colori e personalit\u00e0\" \/>\r\n<meta property=\"og:description\" content=\"Il Natale \u00e8 alle porte ed \u00e8 arrivato il momento di iniziare a decorare la casa per creare un clima festoso e gioioso. Siete ancora indecisi e in cerca di ispirazione?Ecco come rendere accogliente un ambiente e creare la giusta atmosfera natalizia attraverso i colori, i materiali e l\u2019illuminazione.\" \/>\r\n<meta property=\"og:url\" content=\"https:\/\/www.viverezen.it\/giornale-bio\/un-natale-ricco-di-colori-e-personalita\/\" \/>\r\n<meta property=\"og:site_name\" content=\"Vivere Zen\" \/>\r\n<meta property=\"article:published_time\" content=\"2020-12-10T10:02:47+00:00\" \/>\r\n<meta property=\"article:modified_time\" content=\"2022-12-29T10:47:54+00:00\" \/>\r\n<meta property=\"og:image\" content=\"https:\/\/www.viverezen.it\/giornale-bio\/wp-content\/uploads\/2020\/12\/atmosfera-friendly.jpg\" \/>\r\n\t<meta property=\"og:image:width\" content=\"1000\" \/>\r\n\t<meta property=\"og:image:height\" content=\"506\" \/>\r\n\t<meta property=\"og:image:type\" content=\"image\/jpeg\" \/>\r\n<meta name=\"author\" content=\"Manjola\" \/>\r\n<meta name=\"twitter:card\" content=\"summary_large_image\" \/>\r\n<meta name=\"twitter:title\" content=\"Un Natale ricco di colori e personalit\u00e0\" \/>\r\n<meta name=\"twitter:description\" content=\"Il Natale \u00e8 alle porte ed \u00e8 arrivato il momento di iniziare a decorare la casa per creare un clima festoso e gioioso. Siete ancora indecisi e in cerca di ispirazione?Ecco come rendere accogliente un ambiente e creare la giusta atmosfera natalizia attraverso i colori, i materiali e l\u2019illuminazione.\" \/>\r\n<meta name=\"twitter:image\" content=\"https:\/\/www.viverezen.it\/giornale-bio\/wp-content\/uploads\/2020\/12\/atmosfera-friendly.jpg\" \/>\r\n<meta name=\"twitter:label1\" content=\"Scritto da\" \/>\n\t<meta name=\"twitter:data1\" content=\"Manjola\" \/>\n\t<meta name=\"twitter:label2\" content=\"Tempo di lettura stimato\" \/>\n\t<meta name=\"twitter:data2\" content=\"6 minuti\" \/>\r\n<script type=\"application\/ld+json\" class=\"yoast-schema-graph\">{\"@context\":\"https:\/\/schema.org\",\"@graph\":[{\"@type\":\"WebPage\",\"@id\":\"https:\/\/www.viverezen.it\/giornale-bio\/un-natale-ricco-di-colori-e-personalita\/\",\"url\":\"https:\/\/www.viverezen.it\/giornale-bio\/un-natale-ricco-di-colori-e-personalita\/\",\"name\":\"Un Natale ricco di colori e personalit\u00e0 - Vivere Zen\",\"isPartOf\":{\"@id\":\"https:\/\/www.viverezen.it\/giornale-bio\/#website\"},\"datePublished\":\"2020-12-10T10:02:47+00:00\",\"dateModified\":\"2022-12-29T10:47:54+00:00\",\"author\":{\"@id\":\"https:\/\/www.viverezen.it\/giornale-bio\/#\/schema\/person\/ba9d576ac9881f2debd28be40ca8fd53\"},\"description\":\"Il Natale \u00e8 alle porte ed \u00e8 arrivato il momento di iniziare a decorare la casa per creare un clima festoso e gioioso. Siete ancora indecisi e in cerca di ispirazione?Ecco come rendere accogliente un ambiente e creare la giusta atmosfera natalizia attraverso i colori, i materiali e l\u2019illuminazione.\",\"breadcrumb\":{\"@id\":\"https:\/\/www.viverezen.it\/giornale-bio\/un-natale-ricco-di-colori-e-personalita\/#breadcrumb\"},\"inLanguage\":\"it-IT\",\"potentialAction\":[{\"@type\":\"ReadAction\",\"target\":[\"https:\/\/www.viverezen.it\/giornale-bio\/un-natale-ricco-di-colori-e-personalita\/\"]}]},{\"@type\":\"BreadcrumbList\",\"@id\":\"https:\/\/www.viverezen.it\/giornale-bio\/un-natale-ricco-di-colori-e-personalita\/#breadcrumb\",\"itemListElement\":[{\"@type\":\"ListItem\",\"position\":1,\"name\":\"Home\",\"item\":\"https:\/\/www.viverezen.it\/giornale-bio\/\"},{\"@type\":\"ListItem\",\"position\":2,\"name\":\"Un Natale ricco di colori e personalit\u00e0\"}]},{\"@type\":\"WebSite\",\"@id\":\"https:\/\/www.viverezen.it\/giornale-bio\/#website\",\"url\":\"https:\/\/www.viverezen.it\/giornale-bio\/\",\"name\":\"Vivere Zen\",\"description\":\"Lo Zen e l&#039;arte di arredare\",\"potentialAction\":[{\"@type\":\"SearchAction\",\"target\":{\"@type\":\"EntryPoint\",\"urlTemplate\":\"https:\/\/www.viverezen.it\/giornale-bio\/?s={search_term_string}\"},\"query-input\":\"required name=search_term_string\"}],\"inLanguage\":\"it-IT\"},{\"@type\":\"Person\",\"@id\":\"https:\/\/www.viverezen.it\/giornale-bio\/#\/schema\/person\/ba9d576ac9881f2debd28be40ca8fd53\",\"name\":\"Manjola\",\"image\":{\"@type\":\"ImageObject\",\"inLanguage\":\"it-IT\",\"@id\":\"https:\/\/www.viverezen.it\/giornale-bio\/#\/schema\/person\/image\/\",\"url\":\"https:\/\/www.viverezen.it\/giornale-bio\/wp-content\/uploads\/2020\/11\/colorconsulting-150x150.png\",\"contentUrl\":\"https:\/\/www.viverezen.it\/giornale-bio\/wp-content\/uploads\/2020\/11\/colorconsulting-150x150.png\",\"caption\":\"Manjola\"},\"description\":\"Sin dall'inizio del suo percorso formativo, ha fatto in modo di coniugare la passione per l\u2019arredamento ad un concetto olistico nella realizzazione di ambienti confortevoli in ambito residenziale. Laureata con lode in architettura. Dopo la qualifica di professionista internazionale di Interior Color Design e Feng Shui ha cominciato l\u2019attivit\u00e0 di consulenza focalizzandosi sul principio di armonia ed equilibrio tra l\u2019individuo e il suo spazio quotidiano, creando ambienti evocativi che contribuiscono al benessere e alla felicit\u00e0.\",\"url\":\"https:\/\/www.viverezen.it\/giornale-bio\/author\/manjola\/\"}]}<\/script>\r\n<!-- \/ Yoast SEO plugin. -->","yoast_head_json":{"title":"Un Natale ricco di colori e personalit\u00e0 - Vivere Zen","description":"Il Natale \u00e8 alle porte ed \u00e8 arrivato il momento di iniziare a decorare la casa per creare un clima festoso e gioioso. Siete ancora indecisi e in cerca di ispirazione?Ecco come rendere accogliente un ambiente e creare la giusta atmosfera natalizia attraverso i colori, i materiali e l\u2019illuminazione.","robots":{"index":"index","follow":"follow","max-snippet":"max-snippet:-1","max-image-preview":"max-image-preview:large","max-video-preview":"max-video-preview:-1"},"canonical":"https:\/\/www.viverezen.it\/giornale-bio\/un-natale-ricco-di-colori-e-personalita\/","og_locale":"it_IT","og_type":"article","og_title":"Un Natale ricco di colori e personalit\u00e0","og_description":"Il Natale \u00e8 alle porte ed \u00e8 arrivato il momento di iniziare a decorare la casa per creare un clima festoso e gioioso. Siete ancora indecisi e in cerca di ispirazione?Ecco come rendere accogliente un ambiente e creare la giusta atmosfera natalizia attraverso i colori, i materiali e l\u2019illuminazione.","og_url":"https:\/\/www.viverezen.it\/giornale-bio\/un-natale-ricco-di-colori-e-personalita\/","og_site_name":"Vivere Zen","article_published_time":"2020-12-10T10:02:47+00:00","article_modified_time":"2022-12-29T10:47:54+00:00","og_image":[{"width":1000,"height":506,"url":"https:\/\/www.viverezen.it\/giornale-bio\/wp-content\/uploads\/2020\/12\/atmosfera-friendly.jpg","type":"image\/jpeg"}],"author":"Manjola","twitter_card":"summary_large_image","twitter_title":"Un Natale ricco di colori e personalit\u00e0","twitter_description":"Il Natale \u00e8 alle porte ed \u00e8 arrivato il momento di iniziare a decorare la casa per creare un clima festoso e gioioso. Siete ancora indecisi e in cerca di ispirazione?Ecco come rendere accogliente un ambiente e creare la giusta atmosfera natalizia attraverso i colori, i materiali e l\u2019illuminazione.","twitter_image":"https:\/\/www.viverezen.it\/giornale-bio\/wp-content\/uploads\/2020\/12\/atmosfera-friendly.jpg","twitter_misc":{"Scritto da":"Manjola","Tempo di lettura stimato":"6 minuti"},"schema":{"@context":"https:\/\/schema.org","@graph":[{"@type":"WebPage","@id":"https:\/\/www.viverezen.it\/giornale-bio\/un-natale-ricco-di-colori-e-personalita\/","url":"https:\/\/www.viverezen.it\/giornale-bio\/un-natale-ricco-di-colori-e-personalita\/","name":"Un Natale ricco di colori e personalit\u00e0 - Vivere Zen","isPartOf":{"@id":"https:\/\/www.viverezen.it\/giornale-bio\/#website"},"datePublished":"2020-12-10T10:02:47+00:00","dateModified":"2022-12-29T10:47:54+00:00","author":{"@id":"https:\/\/www.viverezen.it\/giornale-bio\/#\/schema\/person\/ba9d576ac9881f2debd28be40ca8fd53"},"description":"Il Natale \u00e8 alle porte ed \u00e8 arrivato il momento di iniziare a decorare la casa per creare un clima festoso e gioioso. Siete ancora indecisi e in cerca di ispirazione?Ecco come rendere accogliente un ambiente e creare la giusta atmosfera natalizia attraverso i colori, i materiali e l\u2019illuminazione.","breadcrumb":{"@id":"https:\/\/www.viverezen.it\/giornale-bio\/un-natale-ricco-di-colori-e-personalita\/#breadcrumb"},"inLanguage":"it-IT","potentialAction":[{"@type":"ReadAction","target":["https:\/\/www.viverezen.it\/giornale-bio\/un-natale-ricco-di-colori-e-personalita\/"]}]},{"@type":"BreadcrumbList","@id":"https:\/\/www.viverezen.it\/giornale-bio\/un-natale-ricco-di-colori-e-personalita\/#breadcrumb","itemListElement":[{"@type":"ListItem","position":1,"name":"Home","item":"https:\/\/www.viverezen.it\/giornale-bio\/"},{"@type":"ListItem","position":2,"name":"Un Natale ricco di colori e personalit\u00e0"}]},{"@type":"WebSite","@id":"https:\/\/www.viverezen.it\/giornale-bio\/#website","url":"https:\/\/www.viverezen.it\/giornale-bio\/","name":"Vivere Zen","description":"Lo Zen e l&#039;arte di arredare","potentialAction":[{"@type":"SearchAction","target":{"@type":"EntryPoint","urlTemplate":"https:\/\/www.viverezen.it\/giornale-bio\/?s={search_term_string}"},"query-input":"required name=search_term_string"}],"inLanguage":"it-IT"},{"@type":"Person","@id":"https:\/\/www.viverezen.it\/giornale-bio\/#\/schema\/person\/ba9d576ac9881f2debd28be40ca8fd53","name":"Manjola","image":{"@type":"ImageObject","inLanguage":"it-IT","@id":"https:\/\/www.viverezen.it\/giornale-bio\/#\/schema\/person\/image\/","url":"https:\/\/www.viverezen.it\/giornale-bio\/wp-content\/uploads\/2020\/11\/colorconsulting-150x150.png","contentUrl":"https:\/\/www.viverezen.it\/giornale-bio\/wp-content\/uploads\/2020\/11\/colorconsulting-150x150.png","caption":"Manjola"},"description":"Sin dall'inizio del suo percorso formativo, ha fatto in modo di coniugare la passione per l\u2019arredamento ad un concetto olistico nella realizzazione di ambienti confortevoli in ambito residenziale. Laureata con lode in architettura. Dopo la qualifica di professionista internazionale di Interior Color Design e Feng Shui ha cominciato l\u2019attivit\u00e0 di consulenza focalizzandosi sul principio di armonia ed equilibrio tra l\u2019individuo e il suo spazio quotidiano, creando ambienti evocativi che contribuiscono al benessere e alla felicit\u00e0.","url":"https:\/\/www.viverezen.it\/giornale-bio\/author\/manjola\/"}]}},"_links":{"self":[{"href":"https:\/\/www.viverezen.it\/giornale-bio\/wp-json\/wp\/v2\/posts\/4610"}],"collection":[{"href":"https:\/\/www.viverezen.it\/giornale-bio\/wp-json\/wp\/v2\/posts"}],"about":[{"href":"https:\/\/www.viverezen.it\/giornale-bio\/wp-json\/wp\/v2\/types\/post"}],"author":[{"embeddable":true,"href":"https:\/\/www.viverezen.it\/giornale-bio\/wp-json\/wp\/v2\/users\/5"}],"replies":[{"embeddable":true,"href":"https:\/\/www.viverezen.it\/giornale-bio\/wp-json\/wp\/v2\/comments?post=4610"}],"version-history":[{"count":4,"href":"https:\/\/www.viverezen.it\/giornale-bio\/wp-json\/wp\/v2\/posts\/4610\/revisions"}],"predecessor-version":[{"id":4623,"href":"https:\/\/www.viverezen.it\/giornale-bio\/wp-json\/wp\/v2\/posts\/4610\/revisions\/4623"}],"wp:featuredmedia":[{"embeddable":true,"href":"https:\/\/www.viverezen.it\/giornale-bio\/wp-json\/wp\/v2\/media\/4611"}],"wp:attachment":[{"href":"https:\/\/www.viverezen.it\/giornale-bio\/wp-json\/wp\/v2\/media?parent=4610"}],"wp:term":[{"taxonomy":"category","embeddable":true,"href":"https:\/\/www.viverezen.it\/giornale-bio\/wp-json\/wp\/v2\/categories?post=4610"},{"taxonomy":"post_tag","embeddable":true,"href":"https:\/\/www.viverezen.it\/giornale-bio\/wp-json\/wp\/v2\/tags?post=4610"}],"curies":[{"name":"wp","href":"https:\/\/api.w.org\/{rel}","templated":true}]}}