{"id":504,"date":"2015-09-23T16:42:12","date_gmt":"2015-09-23T14:42:12","guid":{"rendered":"http:\/\/www.viverezen.it\/blog\/?p=504"},"modified":"2017-11-14T11:38:54","modified_gmt":"2017-11-14T10:38:54","slug":"aquiloni-in-balia-del-vento-ma-di-alta-quota","status":"publish","type":"post","link":"https:\/\/www.viverezen.it\/giornale-bio\/aquiloni-in-balia-del-vento-ma-di-alta-quota\/","title":{"rendered":"Aquiloni in balia del vento, ma di alta quota"},"content":{"rendered":"<p>&#8220;Prima di tutto vi \u00e8 l&#8217;energia del Vento, che soffia incessante intorno al globo&#8230; Abbiamo una quantit\u00e0 d&#8217;energia quasi incalcolabile a nostra disposizione e quale spreco ne facciamo! Serve solo a far girare qualche mulino, spingere vascelli attraverso gli oceani e soddisfare altri futili scopi. Quanta poca gratitudine riconosciamo al nostro instancabile e potente servo!&#8221; (Henry Thoreau, &#8216;Paradise (To Be) Regained&#8217;, Democratic Review (1848)). L\u2019idea di realizzare strutture mobili, capaci di adattarsi alla mutevolezza dei venti, \u00e8 venuta ad una societ\u00e0 di Chieri (Torino) , che ha dato forma al progetto Kite Gen.<\/p>\n<p><a href=\"http:\/\/www.viverezen.it\/blog\/wp-content\/uploads\/2015\/09\/KiteGen.jpg\"><img decoding=\"async\" loading=\"lazy\" class=\"alignnone size-medium wp-image-780\" src=\"http:\/\/www.viverezen.it\/blog\/wp-content\/uploads\/2015\/09\/KiteGen-300x158.jpg\" alt=\"KiteGen\" width=\"300\" height=\"158\" srcset=\"https:\/\/www.viverezen.it\/giornale-bio\/wp-content\/uploads\/2015\/09\/KiteGen-300x158.jpg 300w, https:\/\/www.viverezen.it\/giornale-bio\/wp-content\/uploads\/2015\/09\/KiteGen.jpg 600w\" sizes=\"(max-width: 300px) 100vw, 300px\" \/><\/a><\/p>\n<p>Il team di ingegneri di KiteGen dal 2003 lavora allo sviluppo di prototipi in grado di produrre energia dai venti d\u2019alta quota e dopo anni e anni di incessante ricerca \u00e8 riuscito a costruire una macchina in grado di produrre 3 MW di energia pulita. Il vento di alta quota ha la caratteristica di essere quasi sempre presente ed \u00e8 molto forte (15 m\/s ovvero 2 kW\/m2), mentre quello a livello del terreno \u00e8 forte solo in pochi siti e per circa 1700-1800 ore all&#8217;anno. Grazie alla loro forza e alla loro costanza, i venti d\u2019alta quota potrebbero da soli soddisfare 200 volte il fabbisogno d\u2019energia globale, divenendo cos\u00ec la chiave per uscire dalla crisi.<\/p>\n<p>L\u2019architettura \u00e8 semplice ed economica, con ali semirigide pilotate automaticamente che catturano l\u2019energia del vento a quote di circa 1000 metri. Cavi in materiale composito trasmettono trazione, direzionalit\u00e0, e uniscono le \u201cpale\u201d ai macchinari che si trovano posizionati a terra, ovvero i generatori. Queste macchine, insieme ai sensori avionici montati sui profili alari trasmettono dati che un software elabora e utilizza come riferimento per dare impulso ai cavi. In questo modo l\u2019unit\u00e0 di manovra (detta Kite Steering Unit) permette di gestire una o pi\u00f9 ali secondo traiettorie precise, e garantire la massima produzione di energia. I vantaggi rispetto alle tecnologie tradizionali sono numerosi. Primo fra tutti, il <strong>totale rispetto per l\u2019ambiente<\/strong>: nessuna emissione di Co2, minimo impatto visivo e sonoro, utilizzo di quantit\u00e0 di acciaio e cemento molto inferiori ad una torre eolica tradizionale e nessuna infrastruttura apposita. In secondo luogo,<strong> il sistema ideato da KiteGen riesce a produrre energia pulita a costi molto bassi<\/strong>, con una minima dispersione in fase di produzione e con costi di manutenzione e di gestione decisamente contenuti.<\/p>\n<p>L\u2019ultimo vantaggio \u00e8 rappresentato dalla scalabilit\u00e0 dell\u2019ala: i siti di produzione vengono progettati in base alle esigenze di produzione energetica delle singole zone. L&#8217;idea del Kite Wind Generator \u00e8 dell&#8217;industriale Massimo Ippolito che, osservando i kitesurfer, ha notato la grande quantit\u00e0 di energia che i kite erano in grado di raccogliere e ha pensato che un sistema analogo avrebbe potuto produrre energia elettrica. Nonostante oggi si tratti probabilmente del pi\u00f9 promettente dei progetti di generazione di energia pulita, all&#8217;inizio l&#8217;idea sembrava cos\u00ec azzardata che lo stesso Ippolito la accanton\u00f2 per alcuni anni, pur rendendosi conto delle enormi potenzialit\u00e0 dell&#8217;invenzione. A dicembre 2010 \u00e8 stato realizzato lo Stem a Sommariva Perno (CN), il primo prototipo statico del kitegen. Siamo in attesa che il prototipo arrivi alla forma definitiva.<\/p>\n<p>&nbsp;<\/p>\n<p>Tratto da www.tuttogreen.it<\/p>\n","protected":false},"excerpt":{"rendered":"<p>&#8220;Prima di tutto vi \u00e8 l&#8217;energia del Vento, che soffia incessante intorno al globo&#8230; Abbiamo una quantit\u00e0 d&#8217;energia quasi incalcolabile a nostra disposizione e quale spreco ne facciamo! Serve solo a far girare qualche mulino, spingere vascelli attraverso gli oceani e soddisfare altri futili scopi. Quanta poca gratitudine riconosciamo al nostro instancabile e potente servo!&#8221; [&hellip;]<\/p>\n","protected":false},"author":3,"featured_media":780,"comment_status":"closed","ping_status":"closed","sticky":false,"template":"","format":"standard","meta":[],"categories":[6],"tags":[13],"yoast_head":"<!-- This site is optimized with the Yoast SEO plugin v21.8.1 - https:\/\/yoast.com\/wordpress\/plugins\/seo\/ -->\r\n<title>Aquiloni in balia del vento, ma di alta quota - Vivere Zen<\/title>\r\n<meta name=\"robots\" content=\"index, follow, max-snippet:-1, max-image-preview:large, max-video-preview:-1\" \/>\r\n<link rel=\"canonical\" href=\"https:\/\/www.viverezen.it\/giornale-bio\/aquiloni-in-balia-del-vento-ma-di-alta-quota\/\" \/>\r\n<meta property=\"og:locale\" content=\"it_IT\" \/>\r\n<meta property=\"og:type\" content=\"article\" \/>\r\n<meta property=\"og:title\" content=\"Aquiloni in balia del vento, ma di alta quota - Vivere Zen\" \/>\r\n<meta property=\"og:description\" content=\"&#8220;Prima di tutto vi \u00e8 l&#8217;energia del Vento, che soffia incessante intorno al globo&#8230; Abbiamo una quantit\u00e0 d&#8217;energia quasi incalcolabile a nostra disposizione e quale spreco ne facciamo! Serve solo a far girare qualche mulino, spingere vascelli attraverso gli oceani e soddisfare altri futili scopi. Quanta poca gratitudine riconosciamo al nostro instancabile e potente servo!&#8221; [&hellip;]\" \/>\r\n<meta property=\"og:url\" content=\"https:\/\/www.viverezen.it\/giornale-bio\/aquiloni-in-balia-del-vento-ma-di-alta-quota\/\" \/>\r\n<meta property=\"og:site_name\" content=\"Vivere Zen\" \/>\r\n<meta property=\"article:author\" content=\"https:\/\/www.facebook.com\/VivereZen\/\" \/>\r\n<meta property=\"article:published_time\" content=\"2015-09-23T14:42:12+00:00\" \/>\r\n<meta property=\"article:modified_time\" content=\"2017-11-14T10:38:54+00:00\" \/>\r\n<meta property=\"og:image\" content=\"https:\/\/www.viverezen.it\/giornale-bio\/wp-content\/uploads\/2015\/09\/KiteGen.jpg\" \/>\r\n\t<meta property=\"og:image:width\" content=\"600\" \/>\r\n\t<meta property=\"og:image:height\" content=\"315\" \/>\r\n\t<meta property=\"og:image:type\" content=\"image\/jpeg\" \/>\r\n<meta name=\"author\" content=\"Redazione VivereZen\" \/>\r\n<meta name=\"twitter:card\" content=\"summary_large_image\" \/>\r\n<meta name=\"twitter:label1\" content=\"Scritto da\" \/>\n\t<meta name=\"twitter:data1\" content=\"Redazione VivereZen\" \/>\n\t<meta name=\"twitter:label2\" content=\"Tempo di lettura stimato\" \/>\n\t<meta name=\"twitter:data2\" content=\"3 minuti\" \/>\r\n<script type=\"application\/ld+json\" class=\"yoast-schema-graph\">{\"@context\":\"https:\/\/schema.org\",\"@graph\":[{\"@type\":\"WebPage\",\"@id\":\"https:\/\/www.viverezen.it\/giornale-bio\/aquiloni-in-balia-del-vento-ma-di-alta-quota\/\",\"url\":\"https:\/\/www.viverezen.it\/giornale-bio\/aquiloni-in-balia-del-vento-ma-di-alta-quota\/\",\"name\":\"Aquiloni in balia del vento, ma di alta quota - Vivere Zen\",\"isPartOf\":{\"@id\":\"https:\/\/www.viverezen.it\/giornale-bio\/#website\"},\"datePublished\":\"2015-09-23T14:42:12+00:00\",\"dateModified\":\"2017-11-14T10:38:54+00:00\",\"author\":{\"@id\":\"https:\/\/www.viverezen.it\/giornale-bio\/#\/schema\/person\/9617eea4629b49ad5e59f806fe11d2e1\"},\"breadcrumb\":{\"@id\":\"https:\/\/www.viverezen.it\/giornale-bio\/aquiloni-in-balia-del-vento-ma-di-alta-quota\/#breadcrumb\"},\"inLanguage\":\"it-IT\",\"potentialAction\":[{\"@type\":\"ReadAction\",\"target\":[\"https:\/\/www.viverezen.it\/giornale-bio\/aquiloni-in-balia-del-vento-ma-di-alta-quota\/\"]}]},{\"@type\":\"BreadcrumbList\",\"@id\":\"https:\/\/www.viverezen.it\/giornale-bio\/aquiloni-in-balia-del-vento-ma-di-alta-quota\/#breadcrumb\",\"itemListElement\":[{\"@type\":\"ListItem\",\"position\":1,\"name\":\"Home\",\"item\":\"https:\/\/www.viverezen.it\/giornale-bio\/\"},{\"@type\":\"ListItem\",\"position\":2,\"name\":\"Aquiloni in balia del vento, ma di alta quota\"}]},{\"@type\":\"WebSite\",\"@id\":\"https:\/\/www.viverezen.it\/giornale-bio\/#website\",\"url\":\"https:\/\/www.viverezen.it\/giornale-bio\/\",\"name\":\"Vivere Zen\",\"description\":\"Lo Zen e l&#039;arte di arredare\",\"potentialAction\":[{\"@type\":\"SearchAction\",\"target\":{\"@type\":\"EntryPoint\",\"urlTemplate\":\"https:\/\/www.viverezen.it\/giornale-bio\/?s={search_term_string}\"},\"query-input\":\"required name=search_term_string\"}],\"inLanguage\":\"it-IT\"},{\"@type\":\"Person\",\"@id\":\"https:\/\/www.viverezen.it\/giornale-bio\/#\/schema\/person\/9617eea4629b49ad5e59f806fe11d2e1\",\"name\":\"Redazione VivereZen\",\"image\":{\"@type\":\"ImageObject\",\"inLanguage\":\"it-IT\",\"@id\":\"https:\/\/www.viverezen.it\/giornale-bio\/#\/schema\/person\/image\/\",\"url\":\"https:\/\/www.viverezen.it\/giornale-bio\/wp-content\/uploads\/2020\/02\/vz-logo-tondo-150x150.jpg\",\"contentUrl\":\"https:\/\/www.viverezen.it\/giornale-bio\/wp-content\/uploads\/2020\/02\/vz-logo-tondo-150x150.jpg\",\"caption\":\"Redazione VivereZen\"},\"description\":\"Manifattura e qualit\u00e0 italiana in stile orientale. Bio Zen per noi significa rispetto dell'intero ciclo di produzione e consumo. Coltivazioni Bio o di provenienza controllata delle materie prime, rispetto del lavoro, economia Italiana, importazione da Circuiti Etici o Verificati, rispetto del risparmio del cliente, no materiali tossici durante la produzione, biodegradabilit\u00e0, tra le nostre linee guida. Vieni a trovarci su Viverezen.it!\",\"sameAs\":[\"http:\/\/www.viverezen.it\",\"https:\/\/www.facebook.com\/VivereZen\/\"],\"url\":\"https:\/\/www.viverezen.it\/giornale-bio\/author\/redazione-viverezen\/\"}]}<\/script>\r\n<!-- \/ Yoast SEO plugin. -->","yoast_head_json":{"title":"Aquiloni in balia del vento, ma di alta quota - Vivere Zen","robots":{"index":"index","follow":"follow","max-snippet":"max-snippet:-1","max-image-preview":"max-image-preview:large","max-video-preview":"max-video-preview:-1"},"canonical":"https:\/\/www.viverezen.it\/giornale-bio\/aquiloni-in-balia-del-vento-ma-di-alta-quota\/","og_locale":"it_IT","og_type":"article","og_title":"Aquiloni in balia del vento, ma di alta quota - Vivere Zen","og_description":"&#8220;Prima di tutto vi \u00e8 l&#8217;energia del Vento, che soffia incessante intorno al globo&#8230; Abbiamo una quantit\u00e0 d&#8217;energia quasi incalcolabile a nostra disposizione e quale spreco ne facciamo! Serve solo a far girare qualche mulino, spingere vascelli attraverso gli oceani e soddisfare altri futili scopi. Quanta poca gratitudine riconosciamo al nostro instancabile e potente servo!&#8221; [&hellip;]","og_url":"https:\/\/www.viverezen.it\/giornale-bio\/aquiloni-in-balia-del-vento-ma-di-alta-quota\/","og_site_name":"Vivere Zen","article_author":"https:\/\/www.facebook.com\/VivereZen\/","article_published_time":"2015-09-23T14:42:12+00:00","article_modified_time":"2017-11-14T10:38:54+00:00","og_image":[{"width":600,"height":315,"url":"https:\/\/www.viverezen.it\/giornale-bio\/wp-content\/uploads\/2015\/09\/KiteGen.jpg","type":"image\/jpeg"}],"author":"Redazione VivereZen","twitter_card":"summary_large_image","twitter_misc":{"Scritto da":"Redazione VivereZen","Tempo di lettura stimato":"3 minuti"},"schema":{"@context":"https:\/\/schema.org","@graph":[{"@type":"WebPage","@id":"https:\/\/www.viverezen.it\/giornale-bio\/aquiloni-in-balia-del-vento-ma-di-alta-quota\/","url":"https:\/\/www.viverezen.it\/giornale-bio\/aquiloni-in-balia-del-vento-ma-di-alta-quota\/","name":"Aquiloni in balia del vento, ma di alta quota - Vivere Zen","isPartOf":{"@id":"https:\/\/www.viverezen.it\/giornale-bio\/#website"},"datePublished":"2015-09-23T14:42:12+00:00","dateModified":"2017-11-14T10:38:54+00:00","author":{"@id":"https:\/\/www.viverezen.it\/giornale-bio\/#\/schema\/person\/9617eea4629b49ad5e59f806fe11d2e1"},"breadcrumb":{"@id":"https:\/\/www.viverezen.it\/giornale-bio\/aquiloni-in-balia-del-vento-ma-di-alta-quota\/#breadcrumb"},"inLanguage":"it-IT","potentialAction":[{"@type":"ReadAction","target":["https:\/\/www.viverezen.it\/giornale-bio\/aquiloni-in-balia-del-vento-ma-di-alta-quota\/"]}]},{"@type":"BreadcrumbList","@id":"https:\/\/www.viverezen.it\/giornale-bio\/aquiloni-in-balia-del-vento-ma-di-alta-quota\/#breadcrumb","itemListElement":[{"@type":"ListItem","position":1,"name":"Home","item":"https:\/\/www.viverezen.it\/giornale-bio\/"},{"@type":"ListItem","position":2,"name":"Aquiloni in balia del vento, ma di alta quota"}]},{"@type":"WebSite","@id":"https:\/\/www.viverezen.it\/giornale-bio\/#website","url":"https:\/\/www.viverezen.it\/giornale-bio\/","name":"Vivere Zen","description":"Lo Zen e l&#039;arte di arredare","potentialAction":[{"@type":"SearchAction","target":{"@type":"EntryPoint","urlTemplate":"https:\/\/www.viverezen.it\/giornale-bio\/?s={search_term_string}"},"query-input":"required name=search_term_string"}],"inLanguage":"it-IT"},{"@type":"Person","@id":"https:\/\/www.viverezen.it\/giornale-bio\/#\/schema\/person\/9617eea4629b49ad5e59f806fe11d2e1","name":"Redazione VivereZen","image":{"@type":"ImageObject","inLanguage":"it-IT","@id":"https:\/\/www.viverezen.it\/giornale-bio\/#\/schema\/person\/image\/","url":"https:\/\/www.viverezen.it\/giornale-bio\/wp-content\/uploads\/2020\/02\/vz-logo-tondo-150x150.jpg","contentUrl":"https:\/\/www.viverezen.it\/giornale-bio\/wp-content\/uploads\/2020\/02\/vz-logo-tondo-150x150.jpg","caption":"Redazione VivereZen"},"description":"Manifattura e qualit\u00e0 italiana in stile orientale. Bio Zen per noi significa rispetto dell'intero ciclo di produzione e consumo. Coltivazioni Bio o di provenienza controllata delle materie prime, rispetto del lavoro, economia Italiana, importazione da Circuiti Etici o Verificati, rispetto del risparmio del cliente, no materiali tossici durante la produzione, biodegradabilit\u00e0, tra le nostre linee guida. Vieni a trovarci su Viverezen.it!","sameAs":["http:\/\/www.viverezen.it","https:\/\/www.facebook.com\/VivereZen\/"],"url":"https:\/\/www.viverezen.it\/giornale-bio\/author\/redazione-viverezen\/"}]}},"_links":{"self":[{"href":"https:\/\/www.viverezen.it\/giornale-bio\/wp-json\/wp\/v2\/posts\/504"}],"collection":[{"href":"https:\/\/www.viverezen.it\/giornale-bio\/wp-json\/wp\/v2\/posts"}],"about":[{"href":"https:\/\/www.viverezen.it\/giornale-bio\/wp-json\/wp\/v2\/types\/post"}],"author":[{"embeddable":true,"href":"https:\/\/www.viverezen.it\/giornale-bio\/wp-json\/wp\/v2\/users\/3"}],"replies":[{"embeddable":true,"href":"https:\/\/www.viverezen.it\/giornale-bio\/wp-json\/wp\/v2\/comments?post=504"}],"version-history":[{"count":4,"href":"https:\/\/www.viverezen.it\/giornale-bio\/wp-json\/wp\/v2\/posts\/504\/revisions"}],"predecessor-version":[{"id":786,"href":"https:\/\/www.viverezen.it\/giornale-bio\/wp-json\/wp\/v2\/posts\/504\/revisions\/786"}],"wp:featuredmedia":[{"embeddable":true,"href":"https:\/\/www.viverezen.it\/giornale-bio\/wp-json\/wp\/v2\/media\/780"}],"wp:attachment":[{"href":"https:\/\/www.viverezen.it\/giornale-bio\/wp-json\/wp\/v2\/media?parent=504"}],"wp:term":[{"taxonomy":"category","embeddable":true,"href":"https:\/\/www.viverezen.it\/giornale-bio\/wp-json\/wp\/v2\/categories?post=504"},{"taxonomy":"post_tag","embeddable":true,"href":"https:\/\/www.viverezen.it\/giornale-bio\/wp-json\/wp\/v2\/tags?post=504"}],"curies":[{"name":"wp","href":"https:\/\/api.w.org\/{rel}","templated":true}]}}