{"id":924,"date":"2015-11-08T17:47:20","date_gmt":"2015-11-08T16:47:20","guid":{"rendered":"http:\/\/www.viverezen.it\/blog\/?p=924"},"modified":"2017-11-14T11:34:34","modified_gmt":"2017-11-14T10:34:34","slug":"nino-migliori-e-lessenzialita","status":"publish","type":"post","link":"https:\/\/www.viverezen.it\/giornale-bio\/nino-migliori-e-lessenzialita\/","title":{"rendered":"Fotografia zen: Nino Migliori e l&#8217;essenzialit\u00e1"},"content":{"rendered":"<p dir=\"ltr\"><a href=\"http:\/\/www.viverezen.it\/blog\/wp-content\/uploads\/2015\/11\/Nino-Migliori_-il-tempo-rallentato.jpg\"><img decoding=\"async\" loading=\"lazy\" class=\"alignnone size-medium wp-image-927\" src=\"http:\/\/www.viverezen.it\/blog\/wp-content\/uploads\/2015\/11\/Nino-Migliori_-il-tempo-rallentato-227x300.jpg\" alt=\"Nino Migliori_ il tempo rallentato\" width=\"227\" height=\"300\" srcset=\"https:\/\/www.viverezen.it\/giornale-bio\/wp-content\/uploads\/2015\/11\/Nino-Migliori_-il-tempo-rallentato-227x300.jpg 227w, https:\/\/www.viverezen.it\/giornale-bio\/wp-content\/uploads\/2015\/11\/Nino-Migliori_-il-tempo-rallentato-773x1024.jpg 773w, https:\/\/www.viverezen.it\/giornale-bio\/wp-content\/uploads\/2015\/11\/Nino-Migliori_-il-tempo-rallentato.jpg 1125w\" sizes=\"(max-width: 227px) 100vw, 227px\" \/><\/a><\/p>\n<p dir=\"ltr\">Antonio Migliori (o semplicemente\u00a0<i>Nino<\/i>) nasce a Bologna il 29 settembre 1926, dove attualmente vive e lavora. Scopre la fotografia nel 1948, ma non \u00e8 un fotografo uguale agli altri &#8220;professionisti&#8221;, \u00e8\u00a0un fotografo in apparenza dilettante, non ha\u00a0bottega e non ha\u00a0collaborazioni giornalistiche che gli permettono di fare solo quella professione.<\/p>\n<p dir=\"ltr\"><a href=\"http:\/\/www.viverezen.it\/blog\/wp-content\/uploads\/2015\/11\/Nino-Migliori_-gente-del-sud.jpg\"><img decoding=\"async\" loading=\"lazy\" class=\"alignnone size-full wp-image-925\" src=\"http:\/\/www.viverezen.it\/blog\/wp-content\/uploads\/2015\/11\/Nino-Migliori_-gente-del-sud.jpg\" alt=\"Nino Migliori_ gente del sud\" width=\"188\" height=\"140\" \/><\/a><\/p>\n<p dir=\"ltr\">Qualcuno ha definito zen la sua fotografia, perch\u00e8 &#8220;va all\u2019essenzialit\u00e0 dal concetto lasciando accadere il fattore estetico senza per\u00f2 averlo come obiettivo primario&#8221;.<\/p>\n<figure id=\"attachment_926\" aria-describedby=\"caption-attachment-926\" style=\"width: 238px\" class=\"wp-caption alignnone\"><a href=\"http:\/\/www.viverezen.it\/blog\/wp-content\/uploads\/2015\/11\/Nino-Migliori_-ideogramma.jpg\"><img decoding=\"async\" loading=\"lazy\" class=\"size-medium wp-image-926\" src=\"http:\/\/www.viverezen.it\/blog\/wp-content\/uploads\/2015\/11\/Nino-Migliori_-ideogramma-238x300.jpg\" alt=\"M16.tif\" width=\"238\" height=\"300\" srcset=\"https:\/\/www.viverezen.it\/giornale-bio\/wp-content\/uploads\/2015\/11\/Nino-Migliori_-ideogramma-238x300.jpg 238w, https:\/\/www.viverezen.it\/giornale-bio\/wp-content\/uploads\/2015\/11\/Nino-Migliori_-ideogramma.jpg 270w\" sizes=\"(max-width: 238px) 100vw, 238px\" \/><\/a><figcaption id=\"caption-attachment-926\" class=\"wp-caption-text\">M16.tif<\/figcaption><\/figure>\n<p dir=\"ltr\">La bellezza \u00ab<em>E\u2019 annegata nella drammaticit\u00e0 del momento storico che viviamo, nelle disgrazie umane e nella sfiducia verso il futuro. Ma dalla disperazione bisogna fuggire rincorrendo il piacere di rileggere le cose su un piano estetico diverso, riscoprendo il bello che \u00e8 intorno a noi, sapendolo ritrovare in tutto ci\u00f2 che ci circonda. La bellezza \u00e8 nella luce e nei colori del quotidiano, nell\u2019emozione di un sentimento, nelle proporzioni di una architettura, nella magia della natura, nell\u2019armonia di un corpo, nella libert\u00e0 di un gesto<\/em>\u00bb.<\/p>\n<p dir=\"ltr\"><a href=\"http:\/\/www.viverezen.it\/blog\/wp-content\/uploads\/2015\/11\/Nino-Migliori_-muri.jpg\"><img decoding=\"async\" loading=\"lazy\" class=\"alignnone size-full wp-image-928\" src=\"http:\/\/www.viverezen.it\/blog\/wp-content\/uploads\/2015\/11\/Nino-Migliori_-muri.jpg\" alt=\"Nino Migliori_ muri\" width=\"262\" height=\"192\" srcset=\"https:\/\/www.viverezen.it\/giornale-bio\/wp-content\/uploads\/2015\/11\/Nino-Migliori_-muri.jpg 262w, https:\/\/www.viverezen.it\/giornale-bio\/wp-content\/uploads\/2015\/11\/Nino-Migliori_-muri-220x162.jpg 220w\" sizes=\"(max-width: 262px) 100vw, 262px\" \/><\/a><\/p>\n<p dir=\"ltr\">\u00ab<em>Pi\u00f9 che un fatto fisico \u00e8 una predisposizione mentale che coinvolge i sentimenti. E\u2019 voglia di futuro, di serenit\u00e0, di riscatto. E\u2019 un\u2019idea che mi porto dietro dal \u201945. Dopo aver vissuto cinque anni di giovent\u00f9 imprigionata nel terrore, nella perenne paura di morire sotto i bombardamenti, uscii dalla gabbia di quell\u2019angoscia e ritrovai la vita. Stare nel mondo, ritrovare la gente, vivere a contatto con gli altri: la bellezza<\/em>\u00bb.<\/p>\n<p dir=\"ltr\"><a href=\"http:\/\/www.viverezen.it\/blog\/wp-content\/uploads\/2015\/11\/Nino-Migliori_-il-tuffatore.jpg\"><img decoding=\"async\" loading=\"lazy\" class=\"alignnone size-full wp-image-929\" src=\"http:\/\/www.viverezen.it\/blog\/wp-content\/uploads\/2015\/11\/Nino-Migliori_-il-tuffatore.jpg\" alt=\"Nino Migliori_ il tuffatore\" width=\"262\" height=\"192\" srcset=\"https:\/\/www.viverezen.it\/giornale-bio\/wp-content\/uploads\/2015\/11\/Nino-Migliori_-il-tuffatore.jpg 262w, https:\/\/www.viverezen.it\/giornale-bio\/wp-content\/uploads\/2015\/11\/Nino-Migliori_-il-tuffatore-220x162.jpg 220w\" sizes=\"(max-width: 262px) 100vw, 262px\" \/><\/a><\/p>\n","protected":false},"excerpt":{"rendered":"<p>Antonio Migliori (o semplicemente\u00a0Nino) nasce a Bologna il 29 settembre 1926, dove attualmente vive e lavora. Scopre la fotografia nel 1948, ma non \u00e8 un fotografo uguale agli altri &#8220;professionisti&#8221;, \u00e8\u00a0un fotografo in apparenza dilettante, non ha\u00a0bottega e non ha\u00a0collaborazioni giornalistiche che gli permettono di fare solo quella professione. Qualcuno ha definito zen la sua [&hellip;]<\/p>\n","protected":false},"author":3,"featured_media":927,"comment_status":"closed","ping_status":"closed","sticky":false,"template":"","format":"standard","meta":[],"categories":[3],"tags":[],"yoast_head":"<!-- This site is optimized with the Yoast SEO plugin v21.8.1 - https:\/\/yoast.com\/wordpress\/plugins\/seo\/ -->\r\n<title>Fotografia zen: Nino Migliori e l&#039;essenzialit\u00e1 - Vivere Zen<\/title>\r\n<meta name=\"robots\" content=\"index, follow, max-snippet:-1, max-image-preview:large, max-video-preview:-1\" \/>\r\n<link rel=\"canonical\" href=\"https:\/\/www.viverezen.it\/giornale-bio\/nino-migliori-e-lessenzialita\/\" \/>\r\n<meta property=\"og:locale\" content=\"it_IT\" \/>\r\n<meta property=\"og:type\" content=\"article\" \/>\r\n<meta property=\"og:title\" content=\"Fotografia zen: Nino Migliori e l&#039;essenzialit\u00e1 - Vivere Zen\" \/>\r\n<meta property=\"og:description\" content=\"Antonio Migliori (o semplicemente\u00a0Nino) nasce a Bologna il 29 settembre 1926, dove attualmente vive e lavora. Scopre la fotografia nel 1948, ma non \u00e8 un fotografo uguale agli altri &#8220;professionisti&#8221;, \u00e8\u00a0un fotografo in apparenza dilettante, non ha\u00a0bottega e non ha\u00a0collaborazioni giornalistiche che gli permettono di fare solo quella professione. Qualcuno ha definito zen la sua [&hellip;]\" \/>\r\n<meta property=\"og:url\" content=\"https:\/\/www.viverezen.it\/giornale-bio\/nino-migliori-e-lessenzialita\/\" \/>\r\n<meta property=\"og:site_name\" content=\"Vivere Zen\" \/>\r\n<meta property=\"article:author\" content=\"https:\/\/www.facebook.com\/VivereZen\/\" \/>\r\n<meta property=\"article:published_time\" content=\"2015-11-08T16:47:20+00:00\" \/>\r\n<meta property=\"article:modified_time\" content=\"2017-11-14T10:34:34+00:00\" \/>\r\n<meta property=\"og:image\" content=\"https:\/\/www.viverezen.it\/giornale-bio\/wp-content\/uploads\/2015\/11\/Nino-Migliori_-il-tempo-rallentato.jpg\" \/>\r\n\t<meta property=\"og:image:width\" content=\"1125\" \/>\r\n\t<meta property=\"og:image:height\" content=\"1490\" \/>\r\n\t<meta property=\"og:image:type\" content=\"image\/jpeg\" \/>\r\n<meta name=\"author\" content=\"Redazione VivereZen\" \/>\r\n<meta name=\"twitter:card\" content=\"summary_large_image\" \/>\r\n<meta name=\"twitter:label1\" content=\"Scritto da\" \/>\n\t<meta name=\"twitter:data1\" content=\"Redazione VivereZen\" \/>\n\t<meta name=\"twitter:label2\" content=\"Tempo di lettura stimato\" \/>\n\t<meta name=\"twitter:data2\" content=\"1 minuto\" \/>\r\n<script type=\"application\/ld+json\" class=\"yoast-schema-graph\">{\"@context\":\"https:\/\/schema.org\",\"@graph\":[{\"@type\":\"WebPage\",\"@id\":\"https:\/\/www.viverezen.it\/giornale-bio\/nino-migliori-e-lessenzialita\/\",\"url\":\"https:\/\/www.viverezen.it\/giornale-bio\/nino-migliori-e-lessenzialita\/\",\"name\":\"Fotografia zen: Nino Migliori e l'essenzialit\u00e1 - Vivere Zen\",\"isPartOf\":{\"@id\":\"https:\/\/www.viverezen.it\/giornale-bio\/#website\"},\"datePublished\":\"2015-11-08T16:47:20+00:00\",\"dateModified\":\"2017-11-14T10:34:34+00:00\",\"author\":{\"@id\":\"https:\/\/www.viverezen.it\/giornale-bio\/#\/schema\/person\/9617eea4629b49ad5e59f806fe11d2e1\"},\"breadcrumb\":{\"@id\":\"https:\/\/www.viverezen.it\/giornale-bio\/nino-migliori-e-lessenzialita\/#breadcrumb\"},\"inLanguage\":\"it-IT\",\"potentialAction\":[{\"@type\":\"ReadAction\",\"target\":[\"https:\/\/www.viverezen.it\/giornale-bio\/nino-migliori-e-lessenzialita\/\"]}]},{\"@type\":\"BreadcrumbList\",\"@id\":\"https:\/\/www.viverezen.it\/giornale-bio\/nino-migliori-e-lessenzialita\/#breadcrumb\",\"itemListElement\":[{\"@type\":\"ListItem\",\"position\":1,\"name\":\"Home\",\"item\":\"https:\/\/www.viverezen.it\/giornale-bio\/\"},{\"@type\":\"ListItem\",\"position\":2,\"name\":\"Fotografia zen: Nino Migliori e l&#8217;essenzialit\u00e1\"}]},{\"@type\":\"WebSite\",\"@id\":\"https:\/\/www.viverezen.it\/giornale-bio\/#website\",\"url\":\"https:\/\/www.viverezen.it\/giornale-bio\/\",\"name\":\"Vivere Zen\",\"description\":\"Lo Zen e l&#039;arte di arredare\",\"potentialAction\":[{\"@type\":\"SearchAction\",\"target\":{\"@type\":\"EntryPoint\",\"urlTemplate\":\"https:\/\/www.viverezen.it\/giornale-bio\/?s={search_term_string}\"},\"query-input\":\"required name=search_term_string\"}],\"inLanguage\":\"it-IT\"},{\"@type\":\"Person\",\"@id\":\"https:\/\/www.viverezen.it\/giornale-bio\/#\/schema\/person\/9617eea4629b49ad5e59f806fe11d2e1\",\"name\":\"Redazione VivereZen\",\"image\":{\"@type\":\"ImageObject\",\"inLanguage\":\"it-IT\",\"@id\":\"https:\/\/www.viverezen.it\/giornale-bio\/#\/schema\/person\/image\/\",\"url\":\"https:\/\/www.viverezen.it\/giornale-bio\/wp-content\/uploads\/2020\/02\/vz-logo-tondo-150x150.jpg\",\"contentUrl\":\"https:\/\/www.viverezen.it\/giornale-bio\/wp-content\/uploads\/2020\/02\/vz-logo-tondo-150x150.jpg\",\"caption\":\"Redazione VivereZen\"},\"description\":\"Manifattura e qualit\u00e0 italiana in stile orientale. Bio Zen per noi significa rispetto dell'intero ciclo di produzione e consumo. Coltivazioni Bio o di provenienza controllata delle materie prime, rispetto del lavoro, economia Italiana, importazione da Circuiti Etici o Verificati, rispetto del risparmio del cliente, no materiali tossici durante la produzione, biodegradabilit\u00e0, tra le nostre linee guida. Vieni a trovarci su Viverezen.it!\",\"sameAs\":[\"http:\/\/www.viverezen.it\",\"https:\/\/www.facebook.com\/VivereZen\/\"],\"url\":\"https:\/\/www.viverezen.it\/giornale-bio\/author\/redazione-viverezen\/\"}]}<\/script>\r\n<!-- \/ Yoast SEO plugin. -->","yoast_head_json":{"title":"Fotografia zen: Nino Migliori e l'essenzialit\u00e1 - Vivere Zen","robots":{"index":"index","follow":"follow","max-snippet":"max-snippet:-1","max-image-preview":"max-image-preview:large","max-video-preview":"max-video-preview:-1"},"canonical":"https:\/\/www.viverezen.it\/giornale-bio\/nino-migliori-e-lessenzialita\/","og_locale":"it_IT","og_type":"article","og_title":"Fotografia zen: Nino Migliori e l'essenzialit\u00e1 - Vivere Zen","og_description":"Antonio Migliori (o semplicemente\u00a0Nino) nasce a Bologna il 29 settembre 1926, dove attualmente vive e lavora. Scopre la fotografia nel 1948, ma non \u00e8 un fotografo uguale agli altri &#8220;professionisti&#8221;, \u00e8\u00a0un fotografo in apparenza dilettante, non ha\u00a0bottega e non ha\u00a0collaborazioni giornalistiche che gli permettono di fare solo quella professione. Qualcuno ha definito zen la sua [&hellip;]","og_url":"https:\/\/www.viverezen.it\/giornale-bio\/nino-migliori-e-lessenzialita\/","og_site_name":"Vivere Zen","article_author":"https:\/\/www.facebook.com\/VivereZen\/","article_published_time":"2015-11-08T16:47:20+00:00","article_modified_time":"2017-11-14T10:34:34+00:00","og_image":[{"width":1125,"height":1490,"url":"https:\/\/www.viverezen.it\/giornale-bio\/wp-content\/uploads\/2015\/11\/Nino-Migliori_-il-tempo-rallentato.jpg","type":"image\/jpeg"}],"author":"Redazione VivereZen","twitter_card":"summary_large_image","twitter_misc":{"Scritto da":"Redazione VivereZen","Tempo di lettura stimato":"1 minuto"},"schema":{"@context":"https:\/\/schema.org","@graph":[{"@type":"WebPage","@id":"https:\/\/www.viverezen.it\/giornale-bio\/nino-migliori-e-lessenzialita\/","url":"https:\/\/www.viverezen.it\/giornale-bio\/nino-migliori-e-lessenzialita\/","name":"Fotografia zen: Nino Migliori e l'essenzialit\u00e1 - Vivere Zen","isPartOf":{"@id":"https:\/\/www.viverezen.it\/giornale-bio\/#website"},"datePublished":"2015-11-08T16:47:20+00:00","dateModified":"2017-11-14T10:34:34+00:00","author":{"@id":"https:\/\/www.viverezen.it\/giornale-bio\/#\/schema\/person\/9617eea4629b49ad5e59f806fe11d2e1"},"breadcrumb":{"@id":"https:\/\/www.viverezen.it\/giornale-bio\/nino-migliori-e-lessenzialita\/#breadcrumb"},"inLanguage":"it-IT","potentialAction":[{"@type":"ReadAction","target":["https:\/\/www.viverezen.it\/giornale-bio\/nino-migliori-e-lessenzialita\/"]}]},{"@type":"BreadcrumbList","@id":"https:\/\/www.viverezen.it\/giornale-bio\/nino-migliori-e-lessenzialita\/#breadcrumb","itemListElement":[{"@type":"ListItem","position":1,"name":"Home","item":"https:\/\/www.viverezen.it\/giornale-bio\/"},{"@type":"ListItem","position":2,"name":"Fotografia zen: Nino Migliori e l&#8217;essenzialit\u00e1"}]},{"@type":"WebSite","@id":"https:\/\/www.viverezen.it\/giornale-bio\/#website","url":"https:\/\/www.viverezen.it\/giornale-bio\/","name":"Vivere Zen","description":"Lo Zen e l&#039;arte di arredare","potentialAction":[{"@type":"SearchAction","target":{"@type":"EntryPoint","urlTemplate":"https:\/\/www.viverezen.it\/giornale-bio\/?s={search_term_string}"},"query-input":"required name=search_term_string"}],"inLanguage":"it-IT"},{"@type":"Person","@id":"https:\/\/www.viverezen.it\/giornale-bio\/#\/schema\/person\/9617eea4629b49ad5e59f806fe11d2e1","name":"Redazione VivereZen","image":{"@type":"ImageObject","inLanguage":"it-IT","@id":"https:\/\/www.viverezen.it\/giornale-bio\/#\/schema\/person\/image\/","url":"https:\/\/www.viverezen.it\/giornale-bio\/wp-content\/uploads\/2020\/02\/vz-logo-tondo-150x150.jpg","contentUrl":"https:\/\/www.viverezen.it\/giornale-bio\/wp-content\/uploads\/2020\/02\/vz-logo-tondo-150x150.jpg","caption":"Redazione VivereZen"},"description":"Manifattura e qualit\u00e0 italiana in stile orientale. Bio Zen per noi significa rispetto dell'intero ciclo di produzione e consumo. Coltivazioni Bio o di provenienza controllata delle materie prime, rispetto del lavoro, economia Italiana, importazione da Circuiti Etici o Verificati, rispetto del risparmio del cliente, no materiali tossici durante la produzione, biodegradabilit\u00e0, tra le nostre linee guida. Vieni a trovarci su Viverezen.it!","sameAs":["http:\/\/www.viverezen.it","https:\/\/www.facebook.com\/VivereZen\/"],"url":"https:\/\/www.viverezen.it\/giornale-bio\/author\/redazione-viverezen\/"}]}},"_links":{"self":[{"href":"https:\/\/www.viverezen.it\/giornale-bio\/wp-json\/wp\/v2\/posts\/924"}],"collection":[{"href":"https:\/\/www.viverezen.it\/giornale-bio\/wp-json\/wp\/v2\/posts"}],"about":[{"href":"https:\/\/www.viverezen.it\/giornale-bio\/wp-json\/wp\/v2\/types\/post"}],"author":[{"embeddable":true,"href":"https:\/\/www.viverezen.it\/giornale-bio\/wp-json\/wp\/v2\/users\/3"}],"replies":[{"embeddable":true,"href":"https:\/\/www.viverezen.it\/giornale-bio\/wp-json\/wp\/v2\/comments?post=924"}],"version-history":[{"count":3,"href":"https:\/\/www.viverezen.it\/giornale-bio\/wp-json\/wp\/v2\/posts\/924\/revisions"}],"predecessor-version":[{"id":2110,"href":"https:\/\/www.viverezen.it\/giornale-bio\/wp-json\/wp\/v2\/posts\/924\/revisions\/2110"}],"wp:featuredmedia":[{"embeddable":true,"href":"https:\/\/www.viverezen.it\/giornale-bio\/wp-json\/wp\/v2\/media\/927"}],"wp:attachment":[{"href":"https:\/\/www.viverezen.it\/giornale-bio\/wp-json\/wp\/v2\/media?parent=924"}],"wp:term":[{"taxonomy":"category","embeddable":true,"href":"https:\/\/www.viverezen.it\/giornale-bio\/wp-json\/wp\/v2\/categories?post=924"},{"taxonomy":"post_tag","embeddable":true,"href":"https:\/\/www.viverezen.it\/giornale-bio\/wp-json\/wp\/v2\/tags?post=924"}],"curies":[{"name":"wp","href":"https:\/\/api.w.org\/{rel}","templated":true}]}}